{"id":760,"date":"2025-05-16T09:35:00","date_gmt":"2025-05-16T07:35:00","guid":{"rendered":"https:\/\/www.watacc.nl\/wettelijk-minimumloon-per-1-juli-2025\/"},"modified":"2025-05-16T09:35:00","modified_gmt":"2025-05-16T07:35:00","slug":"wettelijk-minimumloon-per-1-juli-2025","status":"publish","type":"post","link":"https:\/\/www.watacc.nl\/es\/wettelijk-minimumloon-per-1-juli-2025\/","title":{"rendered":"Salario m\u00ednimo legal para el 1 de julio de 2025"},"content":{"rendered":"<p>El salario m\u00ednimo bruto legal por hora aumentar\u00e1 de 14,06 euros a 14,40 euros por hora a partir del 1 de julio de 2025. El salario mensual de referencia ser\u00e1 de 2.245,80 euros a partir del 1 de julio de 2025. El Ministerio de Asuntos Sociales y Empleo fija el salario m\u00ednimo legal el 1 de enero y el 1 de julio de cada a\u00f1o.<\/p>\n<p><!--more--><\/p>\n<p>Para los trabajadores por cuenta ajena mayores de 15 a\u00f1os, se aplican los siguientes importes:<\/p>\n<ul>\n<li>20 a\u00f1os (80.0%): 11,52 euros<\/li>\n<li>19 a\u00f1os (60.0%): 8,64 euros<\/li>\n<li>18 a\u00f1os (50.0%): 7,20 euros<\/li>\n<li>17 a\u00f1os (39,5%): 5,69 euros<\/li>\n<li>16 a\u00f1os (34.5%): 4,97 euros<\/li>\n<li>15 a\u00f1os (30.0%): 4,32 euros<\/li>\n<\/ul>\n<p>Para los asalariados que trabajan sobre la base de un contrato de trabajo suscrito en el marco de un itinerario de formaci\u00f3n profesional (bbl), se aplican tarifas graduadas alternativas, establecidas en el Decreto sobre el Salario M\u00ednimo Juvenil. Las cuant\u00edas anteriores se aplican a los aprendices de 15 a 17 a\u00f1os y de 21 a\u00f1os. Pero para los aprendices en bbl de 18 a 20 a\u00f1os, se aplican los siguientes salarios m\u00ednimos juveniles legales:<\/p>\n<ul>\n<li>20 a\u00f1os (61,5%): 8,86 euros<\/li>\n<li>19 a\u00f1os (52,5%): 7,56 euros<\/li>\n<li>18 a\u00f1os (45,5%): 6,55 euros<\/li>\n<\/ul>","protected":false},"excerpt":{"rendered":"<p>\u00bfCu\u00e1l ser\u00e1 el salario m\u00ednimo a partir del 1 de julio de 2025?<\/p>","protected":false},"author":2,"featured_media":761,"comment_status":"","ping_status":"","sticky":false,"template":"","format":"standard","meta":{"rs_blank_template":"","rs_page_bg_color":"","slide_template_v7":"","footnotes":""},"categories":[4],"tags":[],"class_list":["post-760","post","type-post","status-publish","format-standard","has-post-thumbnail","hentry","category-actueel"],"yoast_head":"<!-- This site is optimized with the Yoast SEO plugin v27.5 - https:\/\/yoast.com\/product\/yoast-seo-wordpress\/ -->\n<title>Wettelijk minimumloon per 1 juli 2025 - Waterland Accountants &amp; Adviseurs<\/title>\n<meta name=\"description\" content=\"Wat wordt het minimumloon per 1 juli 2025?\" \/>\n<meta name=\"robots\" content=\"index, follow, max-snippet:-1, max-image-preview:large, max-video-preview:-1\" \/>\n<link rel=\"canonical\" href=\"https:\/\/www.watacc.nl\/es\/wettelijk-minimumloon-per-1-juli-2025\/\" \/>\n<meta property=\"og:locale\" content=\"es_ES\" \/>\n<meta property=\"og:type\" content=\"article\" \/>\n<meta property=\"og:title\" content=\"Wettelijk minimumloon per 1 juli 2025 - Waterland Accountants &amp; Adviseurs\" \/>\n<meta property=\"og:description\" content=\"Wat wordt het minimumloon per 1 juli 2025?\" \/>\n<meta property=\"og:url\" content=\"https:\/\/www.watacc.nl\/es\/wettelijk-minimumloon-per-1-juli-2025\/\" \/>\n<meta property=\"og:site_name\" content=\"Waterland Accountants &amp; Adviseurs\" \/>\n<meta property=\"article:published_time\" content=\"2025-05-16T07:35:00+00:00\" \/>\n<meta property=\"og:image\" content=\"https:\/\/www.watacc.nl\/wp-content\/uploads\/2025\/05\/wettelijk-minimumloon-per-1-juli-2025.jpg\" \/>\n\t<meta property=\"og:image:width\" content=\"1200\" \/>\n\t<meta property=\"og:image:height\" content=\"800\" \/>\n\t<meta property=\"og:image:type\" content=\"image\/jpeg\" \/>\n<meta name=\"author\" content=\"Sander van der Kleij\" \/>\n<meta name=\"twitter:card\" content=\"summary_large_image\" \/>\n<meta name=\"twitter:label1\" content=\"Escrito por\" \/>\n\t<meta name=\"twitter:data1\" content=\"Sander van der Kleij\" \/>\n\t<meta name=\"twitter:label2\" content=\"Tiempo de lectura\" \/>\n\t<meta name=\"twitter:data2\" content=\"1 minuto\" \/>\n<script type=\"application\/ld+json\" class=\"yoast-schema-graph\">{\"@context\":\"https:\\\/\\\/schema.org\",\"@graph\":[{\"@type\":\"Article\",\"@id\":\"https:\\\/\\\/www.watacc.nl\\\/wettelijk-minimumloon-per-1-juli-2025\\\/#article\",\"isPartOf\":{\"@id\":\"https:\\\/\\\/www.watacc.nl\\\/wettelijk-minimumloon-per-1-juli-2025\\\/\"},\"author\":{\"name\":\"Sander van der Kleij\",\"@id\":\"https:\\\/\\\/www.watacc.nl\\\/#\\\/schema\\\/person\\\/09b746acdabcb033425c7f7817b1b893\"},\"headline\":\"Wettelijk minimumloon per 1 juli 2025\",\"datePublished\":\"2025-05-16T07:35:00+00:00\",\"mainEntityOfPage\":{\"@id\":\"https:\\\/\\\/www.watacc.nl\\\/wettelijk-minimumloon-per-1-juli-2025\\\/\"},\"wordCount\":141,\"publisher\":{\"@id\":\"https:\\\/\\\/www.watacc.nl\\\/#organization\"},\"image\":{\"@id\":\"https:\\\/\\\/www.watacc.nl\\\/wettelijk-minimumloon-per-1-juli-2025\\\/#primaryimage\"},\"thumbnailUrl\":\"https:\\\/\\\/www.watacc.nl\\\/wp-content\\\/uploads\\\/2025\\\/05\\\/wettelijk-minimumloon-per-1-juli-2025.jpg\",\"articleSection\":[\"Actueel\"],\"inLanguage\":\"es\"},{\"@type\":\"WebPage\",\"@id\":\"https:\\\/\\\/www.watacc.nl\\\/wettelijk-minimumloon-per-1-juli-2025\\\/\",\"url\":\"https:\\\/\\\/www.watacc.nl\\\/wettelijk-minimumloon-per-1-juli-2025\\\/\",\"name\":\"Wettelijk minimumloon per 1 juli 2025 - Waterland Accountants &amp; Adviseurs\",\"isPartOf\":{\"@id\":\"https:\\\/\\\/www.watacc.nl\\\/#website\"},\"primaryImageOfPage\":{\"@id\":\"https:\\\/\\\/www.watacc.nl\\\/wettelijk-minimumloon-per-1-juli-2025\\\/#primaryimage\"},\"image\":{\"@id\":\"https:\\\/\\\/www.watacc.nl\\\/wettelijk-minimumloon-per-1-juli-2025\\\/#primaryimage\"},\"thumbnailUrl\":\"https:\\\/\\\/www.watacc.nl\\\/wp-content\\\/uploads\\\/2025\\\/05\\\/wettelijk-minimumloon-per-1-juli-2025.jpg\",\"datePublished\":\"2025-05-16T07:35:00+00:00\",\"description\":\"Wat wordt het minimumloon per 1 juli 2025?\",\"breadcrumb\":{\"@id\":\"https:\\\/\\\/www.watacc.nl\\\/wettelijk-minimumloon-per-1-juli-2025\\\/#breadcrumb\"},\"inLanguage\":\"es\",\"potentialAction\":[{\"@type\":\"ReadAction\",\"target\":[\"https:\\\/\\\/www.watacc.nl\\\/wettelijk-minimumloon-per-1-juli-2025\\\/\"]}]},{\"@type\":\"ImageObject\",\"inLanguage\":\"es\",\"@id\":\"https:\\\/\\\/www.watacc.nl\\\/wettelijk-minimumloon-per-1-juli-2025\\\/#primaryimage\",\"url\":\"https:\\\/\\\/www.watacc.nl\\\/wp-content\\\/uploads\\\/2025\\\/05\\\/wettelijk-minimumloon-per-1-juli-2025.jpg\",\"contentUrl\":\"https:\\\/\\\/www.watacc.nl\\\/wp-content\\\/uploads\\\/2025\\\/05\\\/wettelijk-minimumloon-per-1-juli-2025.jpg\",\"width\":1200,\"height\":800,\"caption\":\"Wettelijk minimumloon per 1 juli 2025\"},{\"@type\":\"BreadcrumbList\",\"@id\":\"https:\\\/\\\/www.watacc.nl\\\/wettelijk-minimumloon-per-1-juli-2025\\\/#breadcrumb\",\"itemListElement\":[{\"@type\":\"ListItem\",\"position\":1,\"name\":\"Home\",\"item\":\"https:\\\/\\\/www.watacc.nl\\\/\"},{\"@type\":\"ListItem\",\"position\":2,\"name\":\"Wettelijk minimumloon per 1 juli 2025\"}]},{\"@type\":\"WebSite\",\"@id\":\"https:\\\/\\\/www.watacc.nl\\\/#website\",\"url\":\"https:\\\/\\\/www.watacc.nl\\\/\",\"name\":\"Waterland Accountants & Adviseurs\",\"description\":\"Samen werkt beter!\",\"publisher\":{\"@id\":\"https:\\\/\\\/www.watacc.nl\\\/#organization\"},\"potentialAction\":[{\"@type\":\"SearchAction\",\"target\":{\"@type\":\"EntryPoint\",\"urlTemplate\":\"https:\\\/\\\/www.watacc.nl\\\/?s={search_term_string}\"},\"query-input\":{\"@type\":\"PropertyValueSpecification\",\"valueRequired\":true,\"valueName\":\"search_term_string\"}}],\"inLanguage\":\"es\"},{\"@type\":\"Organization\",\"@id\":\"https:\\\/\\\/www.watacc.nl\\\/#organization\",\"name\":\"Waterland Accountants & Adviseurs\",\"url\":\"https:\\\/\\\/www.watacc.nl\\\/\",\"logo\":{\"@type\":\"ImageObject\",\"inLanguage\":\"es\",\"@id\":\"https:\\\/\\\/www.watacc.nl\\\/#\\\/schema\\\/logo\\\/image\\\/\",\"url\":\"https:\\\/\\\/www.watacc.nl\\\/wp-content\\\/uploads\\\/2024\\\/08\\\/Waterland-accountants-adviseurs-logo-donker.png\",\"contentUrl\":\"https:\\\/\\\/www.watacc.nl\\\/wp-content\\\/uploads\\\/2024\\\/08\\\/Waterland-accountants-adviseurs-logo-donker.png\",\"width\":600,\"height\":180,\"caption\":\"Waterland Accountants & Adviseurs\"},\"image\":{\"@id\":\"https:\\\/\\\/www.watacc.nl\\\/#\\\/schema\\\/logo\\\/image\\\/\"}},{\"@type\":\"Person\",\"@id\":\"https:\\\/\\\/www.watacc.nl\\\/#\\\/schema\\\/person\\\/09b746acdabcb033425c7f7817b1b893\",\"name\":\"Sander van der Kleij\",\"image\":{\"@type\":\"ImageObject\",\"inLanguage\":\"es\",\"@id\":\"https:\\\/\\\/secure.gravatar.com\\\/avatar\\\/1b1bfd8e803b1f33d55a0c8e124ba791fe4066f75ae68028ee92a53a25ca3f30?s=96&d=mm&r=g\",\"url\":\"https:\\\/\\\/secure.gravatar.com\\\/avatar\\\/1b1bfd8e803b1f33d55a0c8e124ba791fe4066f75ae68028ee92a53a25ca3f30?s=96&d=mm&r=g\",\"contentUrl\":\"https:\\\/\\\/secure.gravatar.com\\\/avatar\\\/1b1bfd8e803b1f33d55a0c8e124ba791fe4066f75ae68028ee92a53a25ca3f30?s=96&d=mm&r=g\",\"caption\":\"Sander van der Kleij\"},\"url\":\"https:\\\/\\\/www.watacc.nl\\\/es\\\/author\\\/wp_admin_argila\\\/\"}]}<\/script>\n<!-- \/ Yoast SEO plugin. -->","yoast_head_json":{"title":"Wettelijk minimumloon per 1 juli 2025 - Waterland Accountants &amp; Adviseurs","description":"\u00bfCu\u00e1l ser\u00e1 el salario m\u00ednimo a partir del 1 de julio de 2025?","robots":{"index":"index","follow":"follow","max-snippet":"max-snippet:-1","max-image-preview":"max-image-preview:large","max-video-preview":"max-video-preview:-1"},"canonical":"https:\/\/www.watacc.nl\/es\/wettelijk-minimumloon-per-1-juli-2025\/","og_locale":"es_ES","og_type":"article","og_title":"Wettelijk minimumloon per 1 juli 2025 - Waterland Accountants &amp; Adviseurs","og_description":"Wat wordt het minimumloon per 1 juli 2025?","og_url":"https:\/\/www.watacc.nl\/es\/wettelijk-minimumloon-per-1-juli-2025\/","og_site_name":"Waterland Accountants &amp; Adviseurs","article_published_time":"2025-05-16T07:35:00+00:00","og_image":[{"width":1200,"height":800,"url":"https:\/\/www.watacc.nl\/wp-content\/uploads\/2025\/05\/wettelijk-minimumloon-per-1-juli-2025.jpg","type":"image\/jpeg"}],"author":"Sander van der Kleij","twitter_card":"summary_large_image","twitter_misc":{"Escrito por":"Sander van der Kleij","Tiempo de lectura":"1 minuto"},"schema":{"@context":"https:\/\/schema.org","@graph":[{"@type":"Article","@id":"https:\/\/www.watacc.nl\/wettelijk-minimumloon-per-1-juli-2025\/#article","isPartOf":{"@id":"https:\/\/www.watacc.nl\/wettelijk-minimumloon-per-1-juli-2025\/"},"author":{"name":"Sander van der Kleij","@id":"https:\/\/www.watacc.nl\/#\/schema\/person\/09b746acdabcb033425c7f7817b1b893"},"headline":"Wettelijk minimumloon per 1 juli 2025","datePublished":"2025-05-16T07:35:00+00:00","mainEntityOfPage":{"@id":"https:\/\/www.watacc.nl\/wettelijk-minimumloon-per-1-juli-2025\/"},"wordCount":141,"publisher":{"@id":"https:\/\/www.watacc.nl\/#organization"},"image":{"@id":"https:\/\/www.watacc.nl\/wettelijk-minimumloon-per-1-juli-2025\/#primaryimage"},"thumbnailUrl":"https:\/\/www.watacc.nl\/wp-content\/uploads\/2025\/05\/wettelijk-minimumloon-per-1-juli-2025.jpg","articleSection":["Actueel"],"inLanguage":"es"},{"@type":"WebPage","@id":"https:\/\/www.watacc.nl\/wettelijk-minimumloon-per-1-juli-2025\/","url":"https:\/\/www.watacc.nl\/wettelijk-minimumloon-per-1-juli-2025\/","name":"Wettelijk minimumloon per 1 juli 2025 - Waterland Accountants &amp; Adviseurs","isPartOf":{"@id":"https:\/\/www.watacc.nl\/#website"},"primaryImageOfPage":{"@id":"https:\/\/www.watacc.nl\/wettelijk-minimumloon-per-1-juli-2025\/#primaryimage"},"image":{"@id":"https:\/\/www.watacc.nl\/wettelijk-minimumloon-per-1-juli-2025\/#primaryimage"},"thumbnailUrl":"https:\/\/www.watacc.nl\/wp-content\/uploads\/2025\/05\/wettelijk-minimumloon-per-1-juli-2025.jpg","datePublished":"2025-05-16T07:35:00+00:00","description":"\u00bfCu\u00e1l ser\u00e1 el salario m\u00ednimo a partir del 1 de julio de 2025?","breadcrumb":{"@id":"https:\/\/www.watacc.nl\/wettelijk-minimumloon-per-1-juli-2025\/#breadcrumb"},"inLanguage":"es","potentialAction":[{"@type":"ReadAction","target":["https:\/\/www.watacc.nl\/wettelijk-minimumloon-per-1-juli-2025\/"]}]},{"@type":"ImageObject","inLanguage":"es","@id":"https:\/\/www.watacc.nl\/wettelijk-minimumloon-per-1-juli-2025\/#primaryimage","url":"https:\/\/www.watacc.nl\/wp-content\/uploads\/2025\/05\/wettelijk-minimumloon-per-1-juli-2025.jpg","contentUrl":"https:\/\/www.watacc.nl\/wp-content\/uploads\/2025\/05\/wettelijk-minimumloon-per-1-juli-2025.jpg","width":1200,"height":800,"caption":"Wettelijk minimumloon per 1 juli 2025"},{"@type":"BreadcrumbList","@id":"https:\/\/www.watacc.nl\/wettelijk-minimumloon-per-1-juli-2025\/#breadcrumb","itemListElement":[{"@type":"ListItem","position":1,"name":"Home","item":"https:\/\/www.watacc.nl\/"},{"@type":"ListItem","position":2,"name":"Wettelijk minimumloon per 1 juli 2025"}]},{"@type":"WebSite","@id":"https:\/\/www.watacc.nl\/#website","url":"https:\/\/www.watacc.nl\/","name":"Waterland Contables y Asesores","description":"Juntos funciona mejor.","publisher":{"@id":"https:\/\/www.watacc.nl\/#organization"},"potentialAction":[{"@type":"SearchAction","target":{"@type":"EntryPoint","urlTemplate":"https:\/\/www.watacc.nl\/?s={search_term_string}"},"query-input":{"@type":"PropertyValueSpecification","valueRequired":true,"valueName":"search_term_string"}}],"inLanguage":"es"},{"@type":"Organization","@id":"https:\/\/www.watacc.nl\/#organization","name":"Waterland Contables y Asesores","url":"https:\/\/www.watacc.nl\/","logo":{"@type":"ImageObject","inLanguage":"es","@id":"https:\/\/www.watacc.nl\/#\/schema\/logo\/image\/","url":"https:\/\/www.watacc.nl\/wp-content\/uploads\/2024\/08\/Waterland-accountants-adviseurs-logo-donker.png","contentUrl":"https:\/\/www.watacc.nl\/wp-content\/uploads\/2024\/08\/Waterland-accountants-adviseurs-logo-donker.png","width":600,"height":180,"caption":"Waterland Accountants & Adviseurs"},"image":{"@id":"https:\/\/www.watacc.nl\/#\/schema\/logo\/image\/"}},{"@type":"Person","@id":"https:\/\/www.watacc.nl\/#\/schema\/person\/09b746acdabcb033425c7f7817b1b893","name":"Sander van der Kleij","image":{"@type":"ImageObject","inLanguage":"es","@id":"https:\/\/secure.gravatar.com\/avatar\/1b1bfd8e803b1f33d55a0c8e124ba791fe4066f75ae68028ee92a53a25ca3f30?s=96&d=mm&r=g","url":"https:\/\/secure.gravatar.com\/avatar\/1b1bfd8e803b1f33d55a0c8e124ba791fe4066f75ae68028ee92a53a25ca3f30?s=96&d=mm&r=g","contentUrl":"https:\/\/secure.gravatar.com\/avatar\/1b1bfd8e803b1f33d55a0c8e124ba791fe4066f75ae68028ee92a53a25ca3f30?s=96&d=mm&r=g","caption":"Sander van der Kleij"},"url":"https:\/\/www.watacc.nl\/es\/author\/wp_admin_argila\/"}]}},"_links":{"self":[{"href":"https:\/\/www.watacc.nl\/es\/wp-json\/wp\/v2\/posts\/760","targetHints":{"allow":["GET"]}}],"collection":[{"href":"https:\/\/www.watacc.nl\/es\/wp-json\/wp\/v2\/posts"}],"about":[{"href":"https:\/\/www.watacc.nl\/es\/wp-json\/wp\/v2\/types\/post"}],"author":[{"embeddable":true,"href":"https:\/\/www.watacc.nl\/es\/wp-json\/wp\/v2\/users\/2"}],"replies":[{"embeddable":true,"href":"https:\/\/www.watacc.nl\/es\/wp-json\/wp\/v2\/comments?post=760"}],"version-history":[{"count":0,"href":"https:\/\/www.watacc.nl\/es\/wp-json\/wp\/v2\/posts\/760\/revisions"}],"wp:featuredmedia":[{"embeddable":true,"href":"https:\/\/www.watacc.nl\/es\/wp-json\/wp\/v2\/media\/761"}],"wp:attachment":[{"href":"https:\/\/www.watacc.nl\/es\/wp-json\/wp\/v2\/media?parent=760"}],"wp:term":[{"taxonomy":"category","embeddable":true,"href":"https:\/\/www.watacc.nl\/es\/wp-json\/wp\/v2\/categories?post=760"},{"taxonomy":"post_tag","embeddable":true,"href":"https:\/\/www.watacc.nl\/es\/wp-json\/wp\/v2\/tags?post=760"}],"curies":[{"name":"wp","href":"https:\/\/api.w.org\/{rel}","templated":true}]}}