{"id":754,"date":"2025-05-16T09:32:00","date_gmt":"2025-05-16T07:32:00","guid":{"rendered":"https:\/\/www.watacc.nl\/supermarktmanager-geen-privegebruik-auto\/"},"modified":"2025-05-20T14:17:55","modified_gmt":"2025-05-20T12:17:55","slug":"supermarktmanager-geen-privegebruik-auto","status":"publish","type":"post","link":"https:\/\/www.watacc.nl\/es\/supermarktmanager-geen-privegebruik-auto\/","title":{"rendered":"\u00bfEl director del supermercado no usa el coche privado?"},"content":{"rendered":"<p>El gerente de un supermercado recibe liquidaciones de impuestos con intereses y multa durante dos a\u00f1os por el uso privado del BMW X5 que se le facilit\u00f3. Seg\u00fan Hacienda, no se ha probado que el gerente no condujera de forma privada m\u00e1s de 500 kil\u00f3metros al a\u00f1o. \u00bfC\u00f3mo se pronuncia el tribunal?<\/p>\n<p><!--more--><\/p>\n<p><strong>\u00bfQu\u00e9 ha precedido?<\/strong><br \/>El gerente del supermercado tiene una declaraci\u00f3n de no uso privado del coche. Al cabo de dos a\u00f1os, recibe una carta de la Agencia Tributaria en la que se le pide que demuestre que no ha recorrido m\u00e1s de 500 kil\u00f3metros privados al a\u00f1o con el coche. Para ello, la Agencia Tributaria le pide que rellene un cuestionario y, si ha llevado un registro de viaje, que lo presente.<\/p>\n<p>El gerente del supermercado env\u00eda el formulario cumplimentado, un historial de conducci\u00f3n y una declaraci\u00f3n. En ella dice que ha tenido varios coches durante varios a\u00f1os, generalmente coches de \u00e9poca, pero tambi\u00e9n coches funcionales para uso diario. Que el BMW X5 se puso a su disposici\u00f3n para desplazamientos y trabajos de reparto, que no hab\u00eda intenci\u00f3n de utilizar este coche para kilometraje privado y que esto no ocurri\u00f3. El uso privado tampoco est\u00e1 expresamente permitido.<\/p>\n<p>La Agencia Tributaria plantea dudas a ra\u00edz de las incoherencias entre los registros de los viajes y los recibos del National Car Pass y del combustible. Esto da lugar a la imposici\u00f3n de las liquidaciones.<\/p>\n<p><strong>Consideraciones del juez<\/strong><br \/>El gerente del supermercado alega que el coche se utiliz\u00f3 de forma privada no m\u00e1s de 500 kil\u00f3metros al a\u00f1o. Llevaba un cuaderno de ruta que as\u00ed lo demostraba. Sin embargo, ese registro de viajes estaba almacenado en un ordenador de la empresa, no lo reenvi\u00f3 a su direcci\u00f3n de correo electr\u00f3nico privada y tampoco pudo recuperarlo debido a la venta de la empresa del empresario. Por lo tanto, reconstruy\u00f3 un registro de viajes utilizando registros de viajes de a\u00f1os anteriores.<\/p>\n<p>El juez puso en primer lugar que debe llevarse regularmente un registro de los viajes para garantizar un registro adecuado de la realidad. Es cierto que el gerente del supermercado afirma que as\u00ed lo hizo, pero como no pudo presentar esos registros de viaje, el tribunal no puede determinar si con ello demuestra realmente que utiliz\u00f3 el coche para fines privados durante no m\u00e1s de 500 kil\u00f3metros.<\/p>\n<p>Un registro de viaje reconstruido corre el riesgo de no reflejar fielmente la realidad. En consecuencia, un registro de kilometraje elaborado a posteriori tendr\u00e1 menos valor probatorio y no se cumplir\u00e1 f\u00e1cilmente el pesado requisito de \"probar\".<\/p>\n<p>A la vista de las deficiencias y lagunas en los registros de kilometraje y otros documentos se\u00f1alados por la Agencia Tributaria, el tribunal considera que el interesado no ha demostrado que el coche no se utilizara con fines privados m\u00e1s de 500 kil\u00f3metros anuales.<\/p>\n<p>El gerente del supermercado invoca adem\u00e1s la prohibici\u00f3n del uso privado del veh\u00edculo acordada con el empresario. Seg\u00fan el tribunal, la prohibici\u00f3n acordada no impide que el gerente act\u00fae en contra de dicha prohibici\u00f3n. Esto es tanto m\u00e1s cierto cuanto que en ninguna parte se desprende que el empresario vigilara el cumplimiento de dicha prohibici\u00f3n. El directivo aleg\u00f3 adem\u00e1s que dispon\u00eda de varios coches que utiliz\u00f3 para desplazamientos privados en los a\u00f1os examinados. Incluso con esta mera afirmaci\u00f3n, en opini\u00f3n del tribunal, no aport\u00f3 pruebas suficientes de que condujera menos de 500 kil\u00f3metros de forma privada con el coche que el empresario pon\u00eda a su disposici\u00f3n.<\/p>\n<p><strong>Sentencia del juez<\/strong><br \/>El tribunal concluy\u00f3 que el gerente del supermercado no cumpli\u00f3 su carga de la prueba. Esto significa que Hacienda ten\u00eda raz\u00f3n al imponer las liquidaciones.<\/p>\n<p><strong>Nota:<\/strong> Demostrar que ha conducido menos de 500 kil\u00f3metros de forma privada con un coche de empresa no es tarea f\u00e1cil. La carga de la prueba es mayor: no se trata de hacerlo veros\u00edmil, sino de demostrarlo.<\/p>","protected":false},"excerpt":{"rendered":"<p>\u00bfDemuestra el gerente de un supermercado que recorre menos de 500 kil\u00f3metros de forma privada en el BMW X5 de su empresa?<\/p>","protected":false},"author":2,"featured_media":770,"comment_status":"closed","ping_status":"","sticky":false,"template":"","format":"standard","meta":{"rs_blank_template":"","rs_page_bg_color":"","slide_template_v7":"","footnotes":""},"categories":[4],"tags":[],"class_list":["post-754","post","type-post","status-publish","format-standard","has-post-thumbnail","hentry","category-actueel"],"yoast_head":"<!-- This site is optimized with the Yoast SEO plugin v27.5 - https:\/\/yoast.com\/product\/yoast-seo-wordpress\/ -->\n<title>Supermarktmanager geen priv\u00e9gebruik auto? - Waterland Accountants &amp; Adviseurs<\/title>\n<meta name=\"description\" content=\"Toont supermarktmanager aan dat hij minder dan 500 kilometer priv\u00e9 rijdt in zijn BMW X5 van de zaak?\" \/>\n<meta name=\"robots\" content=\"index, follow, max-snippet:-1, max-image-preview:large, max-video-preview:-1\" \/>\n<link rel=\"canonical\" href=\"https:\/\/www.watacc.nl\/es\/supermarktmanager-geen-privegebruik-auto\/\" \/>\n<meta property=\"og:locale\" content=\"es_ES\" \/>\n<meta property=\"og:type\" content=\"article\" \/>\n<meta property=\"og:title\" content=\"Supermarktmanager geen priv\u00e9gebruik auto? - Waterland Accountants &amp; Adviseurs\" \/>\n<meta property=\"og:description\" content=\"Toont supermarktmanager aan dat hij minder dan 500 kilometer priv\u00e9 rijdt in zijn BMW X5 van de zaak?\" \/>\n<meta property=\"og:url\" content=\"https:\/\/www.watacc.nl\/es\/supermarktmanager-geen-privegebruik-auto\/\" \/>\n<meta property=\"og:site_name\" content=\"Waterland Accountants &amp; Adviseurs\" \/>\n<meta property=\"article:published_time\" content=\"2025-05-16T07:32:00+00:00\" \/>\n<meta property=\"article:modified_time\" content=\"2025-05-20T12:17:55+00:00\" \/>\n<meta property=\"og:image\" content=\"https:\/\/www.watacc.nl\/wp-content\/uploads\/2025\/05\/supermarktmanager-geen-privegebruik-auto.jpg\" \/>\n\t<meta property=\"og:image:width\" content=\"1200\" \/>\n\t<meta property=\"og:image:height\" content=\"800\" \/>\n\t<meta property=\"og:image:type\" content=\"image\/jpeg\" \/>\n<meta name=\"author\" content=\"Sander van der Kleij\" \/>\n<meta name=\"twitter:card\" content=\"summary_large_image\" \/>\n<meta name=\"twitter:label1\" content=\"Escrito por\" \/>\n\t<meta name=\"twitter:data1\" content=\"Sander van der Kleij\" \/>\n\t<meta name=\"twitter:label2\" content=\"Tiempo de lectura\" \/>\n\t<meta name=\"twitter:data2\" content=\"3 minutos\" \/>\n<script type=\"application\/ld+json\" class=\"yoast-schema-graph\">{\"@context\":\"https:\\\/\\\/schema.org\",\"@graph\":[{\"@type\":\"Article\",\"@id\":\"https:\\\/\\\/www.watacc.nl\\\/supermarktmanager-geen-privegebruik-auto\\\/#article\",\"isPartOf\":{\"@id\":\"https:\\\/\\\/www.watacc.nl\\\/supermarktmanager-geen-privegebruik-auto\\\/\"},\"author\":{\"name\":\"Sander van der Kleij\",\"@id\":\"https:\\\/\\\/www.watacc.nl\\\/#\\\/schema\\\/person\\\/09b746acdabcb033425c7f7817b1b893\"},\"headline\":\"Supermarktmanager geen priv\u00e9gebruik auto?\",\"datePublished\":\"2025-05-16T07:32:00+00:00\",\"dateModified\":\"2025-05-20T12:17:55+00:00\",\"mainEntityOfPage\":{\"@id\":\"https:\\\/\\\/www.watacc.nl\\\/supermarktmanager-geen-privegebruik-auto\\\/\"},\"wordCount\":635,\"publisher\":{\"@id\":\"https:\\\/\\\/www.watacc.nl\\\/#organization\"},\"image\":{\"@id\":\"https:\\\/\\\/www.watacc.nl\\\/supermarktmanager-geen-privegebruik-auto\\\/#primaryimage\"},\"thumbnailUrl\":\"https:\\\/\\\/www.watacc.nl\\\/wp-content\\\/uploads\\\/2025\\\/05\\\/supermarktmanager-geen-privegebruik-auto-1.jpg\",\"articleSection\":[\"Actueel\"],\"inLanguage\":\"es\"},{\"@type\":\"WebPage\",\"@id\":\"https:\\\/\\\/www.watacc.nl\\\/supermarktmanager-geen-privegebruik-auto\\\/\",\"url\":\"https:\\\/\\\/www.watacc.nl\\\/supermarktmanager-geen-privegebruik-auto\\\/\",\"name\":\"Supermarktmanager geen priv\u00e9gebruik auto? - Waterland Accountants &amp; Adviseurs\",\"isPartOf\":{\"@id\":\"https:\\\/\\\/www.watacc.nl\\\/#website\"},\"primaryImageOfPage\":{\"@id\":\"https:\\\/\\\/www.watacc.nl\\\/supermarktmanager-geen-privegebruik-auto\\\/#primaryimage\"},\"image\":{\"@id\":\"https:\\\/\\\/www.watacc.nl\\\/supermarktmanager-geen-privegebruik-auto\\\/#primaryimage\"},\"thumbnailUrl\":\"https:\\\/\\\/www.watacc.nl\\\/wp-content\\\/uploads\\\/2025\\\/05\\\/supermarktmanager-geen-privegebruik-auto-1.jpg\",\"datePublished\":\"2025-05-16T07:32:00+00:00\",\"dateModified\":\"2025-05-20T12:17:55+00:00\",\"description\":\"Toont supermarktmanager aan dat hij minder dan 500 kilometer priv\u00e9 rijdt in zijn BMW X5 van de zaak?\",\"breadcrumb\":{\"@id\":\"https:\\\/\\\/www.watacc.nl\\\/supermarktmanager-geen-privegebruik-auto\\\/#breadcrumb\"},\"inLanguage\":\"es\",\"potentialAction\":[{\"@type\":\"ReadAction\",\"target\":[\"https:\\\/\\\/www.watacc.nl\\\/supermarktmanager-geen-privegebruik-auto\\\/\"]}]},{\"@type\":\"ImageObject\",\"inLanguage\":\"es\",\"@id\":\"https:\\\/\\\/www.watacc.nl\\\/supermarktmanager-geen-privegebruik-auto\\\/#primaryimage\",\"url\":\"https:\\\/\\\/www.watacc.nl\\\/wp-content\\\/uploads\\\/2025\\\/05\\\/supermarktmanager-geen-privegebruik-auto-1.jpg\",\"contentUrl\":\"https:\\\/\\\/www.watacc.nl\\\/wp-content\\\/uploads\\\/2025\\\/05\\\/supermarktmanager-geen-privegebruik-auto-1.jpg\",\"width\":1200,\"height\":800,\"caption\":\"Supermarktmanager geen priv\u00e9gebruik auto\"},{\"@type\":\"BreadcrumbList\",\"@id\":\"https:\\\/\\\/www.watacc.nl\\\/supermarktmanager-geen-privegebruik-auto\\\/#breadcrumb\",\"itemListElement\":[{\"@type\":\"ListItem\",\"position\":1,\"name\":\"Home\",\"item\":\"https:\\\/\\\/www.watacc.nl\\\/\"},{\"@type\":\"ListItem\",\"position\":2,\"name\":\"Supermarktmanager geen priv\u00e9gebruik auto?\"}]},{\"@type\":\"WebSite\",\"@id\":\"https:\\\/\\\/www.watacc.nl\\\/#website\",\"url\":\"https:\\\/\\\/www.watacc.nl\\\/\",\"name\":\"Waterland Accountants & Adviseurs\",\"description\":\"Samen werkt beter!\",\"publisher\":{\"@id\":\"https:\\\/\\\/www.watacc.nl\\\/#organization\"},\"potentialAction\":[{\"@type\":\"SearchAction\",\"target\":{\"@type\":\"EntryPoint\",\"urlTemplate\":\"https:\\\/\\\/www.watacc.nl\\\/?s={search_term_string}\"},\"query-input\":{\"@type\":\"PropertyValueSpecification\",\"valueRequired\":true,\"valueName\":\"search_term_string\"}}],\"inLanguage\":\"es\"},{\"@type\":\"Organization\",\"@id\":\"https:\\\/\\\/www.watacc.nl\\\/#organization\",\"name\":\"Waterland Accountants & Adviseurs\",\"url\":\"https:\\\/\\\/www.watacc.nl\\\/\",\"logo\":{\"@type\":\"ImageObject\",\"inLanguage\":\"es\",\"@id\":\"https:\\\/\\\/www.watacc.nl\\\/#\\\/schema\\\/logo\\\/image\\\/\",\"url\":\"https:\\\/\\\/www.watacc.nl\\\/wp-content\\\/uploads\\\/2024\\\/08\\\/Waterland-accountants-adviseurs-logo-donker.png\",\"contentUrl\":\"https:\\\/\\\/www.watacc.nl\\\/wp-content\\\/uploads\\\/2024\\\/08\\\/Waterland-accountants-adviseurs-logo-donker.png\",\"width\":600,\"height\":180,\"caption\":\"Waterland Accountants & Adviseurs\"},\"image\":{\"@id\":\"https:\\\/\\\/www.watacc.nl\\\/#\\\/schema\\\/logo\\\/image\\\/\"}},{\"@type\":\"Person\",\"@id\":\"https:\\\/\\\/www.watacc.nl\\\/#\\\/schema\\\/person\\\/09b746acdabcb033425c7f7817b1b893\",\"name\":\"Sander van der Kleij\",\"image\":{\"@type\":\"ImageObject\",\"inLanguage\":\"es\",\"@id\":\"https:\\\/\\\/secure.gravatar.com\\\/avatar\\\/1b1bfd8e803b1f33d55a0c8e124ba791fe4066f75ae68028ee92a53a25ca3f30?s=96&d=mm&r=g\",\"url\":\"https:\\\/\\\/secure.gravatar.com\\\/avatar\\\/1b1bfd8e803b1f33d55a0c8e124ba791fe4066f75ae68028ee92a53a25ca3f30?s=96&d=mm&r=g\",\"contentUrl\":\"https:\\\/\\\/secure.gravatar.com\\\/avatar\\\/1b1bfd8e803b1f33d55a0c8e124ba791fe4066f75ae68028ee92a53a25ca3f30?s=96&d=mm&r=g\",\"caption\":\"Sander van der Kleij\"},\"url\":\"https:\\\/\\\/www.watacc.nl\\\/es\\\/author\\\/wp_admin_argila\\\/\"}]}<\/script>\n<!-- \/ Yoast SEO plugin. -->","yoast_head_json":{"title":"Supermarktmanager geen priv\u00e9gebruik auto? - Waterland Accountants &amp; Adviseurs","description":"\u00bfDemuestra el gerente de un supermercado que recorre menos de 500 kil\u00f3metros de forma privada en el BMW X5 de su empresa?","robots":{"index":"index","follow":"follow","max-snippet":"max-snippet:-1","max-image-preview":"max-image-preview:large","max-video-preview":"max-video-preview:-1"},"canonical":"https:\/\/www.watacc.nl\/es\/supermarktmanager-geen-privegebruik-auto\/","og_locale":"es_ES","og_type":"article","og_title":"Supermarktmanager geen priv\u00e9gebruik auto? - Waterland Accountants &amp; Adviseurs","og_description":"Toont supermarktmanager aan dat hij minder dan 500 kilometer priv\u00e9 rijdt in zijn BMW X5 van de zaak?","og_url":"https:\/\/www.watacc.nl\/es\/supermarktmanager-geen-privegebruik-auto\/","og_site_name":"Waterland Accountants &amp; Adviseurs","article_published_time":"2025-05-16T07:32:00+00:00","article_modified_time":"2025-05-20T12:17:55+00:00","og_image":[{"width":1200,"height":800,"url":"https:\/\/www.watacc.nl\/wp-content\/uploads\/2025\/05\/supermarktmanager-geen-privegebruik-auto.jpg","type":"image\/jpeg"}],"author":"Sander van der Kleij","twitter_card":"summary_large_image","twitter_misc":{"Escrito por":"Sander van der Kleij","Tiempo de lectura":"3 minutos"},"schema":{"@context":"https:\/\/schema.org","@graph":[{"@type":"Article","@id":"https:\/\/www.watacc.nl\/supermarktmanager-geen-privegebruik-auto\/#article","isPartOf":{"@id":"https:\/\/www.watacc.nl\/supermarktmanager-geen-privegebruik-auto\/"},"author":{"name":"Sander van der Kleij","@id":"https:\/\/www.watacc.nl\/#\/schema\/person\/09b746acdabcb033425c7f7817b1b893"},"headline":"Supermarktmanager geen priv\u00e9gebruik auto?","datePublished":"2025-05-16T07:32:00+00:00","dateModified":"2025-05-20T12:17:55+00:00","mainEntityOfPage":{"@id":"https:\/\/www.watacc.nl\/supermarktmanager-geen-privegebruik-auto\/"},"wordCount":635,"publisher":{"@id":"https:\/\/www.watacc.nl\/#organization"},"image":{"@id":"https:\/\/www.watacc.nl\/supermarktmanager-geen-privegebruik-auto\/#primaryimage"},"thumbnailUrl":"https:\/\/www.watacc.nl\/wp-content\/uploads\/2025\/05\/supermarktmanager-geen-privegebruik-auto-1.jpg","articleSection":["Actueel"],"inLanguage":"es"},{"@type":"WebPage","@id":"https:\/\/www.watacc.nl\/supermarktmanager-geen-privegebruik-auto\/","url":"https:\/\/www.watacc.nl\/supermarktmanager-geen-privegebruik-auto\/","name":"Supermarktmanager geen priv\u00e9gebruik auto? - Waterland Accountants &amp; Adviseurs","isPartOf":{"@id":"https:\/\/www.watacc.nl\/#website"},"primaryImageOfPage":{"@id":"https:\/\/www.watacc.nl\/supermarktmanager-geen-privegebruik-auto\/#primaryimage"},"image":{"@id":"https:\/\/www.watacc.nl\/supermarktmanager-geen-privegebruik-auto\/#primaryimage"},"thumbnailUrl":"https:\/\/www.watacc.nl\/wp-content\/uploads\/2025\/05\/supermarktmanager-geen-privegebruik-auto-1.jpg","datePublished":"2025-05-16T07:32:00+00:00","dateModified":"2025-05-20T12:17:55+00:00","description":"\u00bfDemuestra el gerente de un supermercado que recorre menos de 500 kil\u00f3metros de forma privada en el BMW X5 de su empresa?","breadcrumb":{"@id":"https:\/\/www.watacc.nl\/supermarktmanager-geen-privegebruik-auto\/#breadcrumb"},"inLanguage":"es","potentialAction":[{"@type":"ReadAction","target":["https:\/\/www.watacc.nl\/supermarktmanager-geen-privegebruik-auto\/"]}]},{"@type":"ImageObject","inLanguage":"es","@id":"https:\/\/www.watacc.nl\/supermarktmanager-geen-privegebruik-auto\/#primaryimage","url":"https:\/\/www.watacc.nl\/wp-content\/uploads\/2025\/05\/supermarktmanager-geen-privegebruik-auto-1.jpg","contentUrl":"https:\/\/www.watacc.nl\/wp-content\/uploads\/2025\/05\/supermarktmanager-geen-privegebruik-auto-1.jpg","width":1200,"height":800,"caption":"Supermarktmanager geen priv\u00e9gebruik auto"},{"@type":"BreadcrumbList","@id":"https:\/\/www.watacc.nl\/supermarktmanager-geen-privegebruik-auto\/#breadcrumb","itemListElement":[{"@type":"ListItem","position":1,"name":"Home","item":"https:\/\/www.watacc.nl\/"},{"@type":"ListItem","position":2,"name":"Supermarktmanager geen priv\u00e9gebruik auto?"}]},{"@type":"WebSite","@id":"https:\/\/www.watacc.nl\/#website","url":"https:\/\/www.watacc.nl\/","name":"Waterland Contables y Asesores","description":"Juntos funciona mejor.","publisher":{"@id":"https:\/\/www.watacc.nl\/#organization"},"potentialAction":[{"@type":"SearchAction","target":{"@type":"EntryPoint","urlTemplate":"https:\/\/www.watacc.nl\/?s={search_term_string}"},"query-input":{"@type":"PropertyValueSpecification","valueRequired":true,"valueName":"search_term_string"}}],"inLanguage":"es"},{"@type":"Organization","@id":"https:\/\/www.watacc.nl\/#organization","name":"Waterland Contables y Asesores","url":"https:\/\/www.watacc.nl\/","logo":{"@type":"ImageObject","inLanguage":"es","@id":"https:\/\/www.watacc.nl\/#\/schema\/logo\/image\/","url":"https:\/\/www.watacc.nl\/wp-content\/uploads\/2024\/08\/Waterland-accountants-adviseurs-logo-donker.png","contentUrl":"https:\/\/www.watacc.nl\/wp-content\/uploads\/2024\/08\/Waterland-accountants-adviseurs-logo-donker.png","width":600,"height":180,"caption":"Waterland Accountants & Adviseurs"},"image":{"@id":"https:\/\/www.watacc.nl\/#\/schema\/logo\/image\/"}},{"@type":"Person","@id":"https:\/\/www.watacc.nl\/#\/schema\/person\/09b746acdabcb033425c7f7817b1b893","name":"Sander van der Kleij","image":{"@type":"ImageObject","inLanguage":"es","@id":"https:\/\/secure.gravatar.com\/avatar\/1b1bfd8e803b1f33d55a0c8e124ba791fe4066f75ae68028ee92a53a25ca3f30?s=96&d=mm&r=g","url":"https:\/\/secure.gravatar.com\/avatar\/1b1bfd8e803b1f33d55a0c8e124ba791fe4066f75ae68028ee92a53a25ca3f30?s=96&d=mm&r=g","contentUrl":"https:\/\/secure.gravatar.com\/avatar\/1b1bfd8e803b1f33d55a0c8e124ba791fe4066f75ae68028ee92a53a25ca3f30?s=96&d=mm&r=g","caption":"Sander van der Kleij"},"url":"https:\/\/www.watacc.nl\/es\/author\/wp_admin_argila\/"}]}},"_links":{"self":[{"href":"https:\/\/www.watacc.nl\/es\/wp-json\/wp\/v2\/posts\/754","targetHints":{"allow":["GET"]}}],"collection":[{"href":"https:\/\/www.watacc.nl\/es\/wp-json\/wp\/v2\/posts"}],"about":[{"href":"https:\/\/www.watacc.nl\/es\/wp-json\/wp\/v2\/types\/post"}],"author":[{"embeddable":true,"href":"https:\/\/www.watacc.nl\/es\/wp-json\/wp\/v2\/users\/2"}],"replies":[{"embeddable":true,"href":"https:\/\/www.watacc.nl\/es\/wp-json\/wp\/v2\/comments?post=754"}],"version-history":[{"count":1,"href":"https:\/\/www.watacc.nl\/es\/wp-json\/wp\/v2\/posts\/754\/revisions"}],"predecessor-version":[{"id":769,"href":"https:\/\/www.watacc.nl\/es\/wp-json\/wp\/v2\/posts\/754\/revisions\/769"}],"wp:featuredmedia":[{"embeddable":true,"href":"https:\/\/www.watacc.nl\/es\/wp-json\/wp\/v2\/media\/770"}],"wp:attachment":[{"href":"https:\/\/www.watacc.nl\/es\/wp-json\/wp\/v2\/media?parent=754"}],"wp:term":[{"taxonomy":"category","embeddable":true,"href":"https:\/\/www.watacc.nl\/es\/wp-json\/wp\/v2\/categories?post=754"},{"taxonomy":"post_tag","embeddable":true,"href":"https:\/\/www.watacc.nl\/es\/wp-json\/wp\/v2\/tags?post=754"}],"curies":[{"name":"wp","href":"https:\/\/api.w.org\/{rel}","templated":true}]}}