{"id":496,"date":"2024-11-15T10:34:00","date_gmt":"2024-11-15T09:34:00","guid":{"rendered":"https:\/\/www.watacc.nl\/wijzigingen-kleineondernemersregeling-en-introductie-eu-kor\/"},"modified":"2024-11-15T10:34:00","modified_gmt":"2024-11-15T09:34:00","slug":"wijzigingen-kleineondernemersregeling-en-introductie-eu-kor","status":"publish","type":"post","link":"https:\/\/www.watacc.nl\/es\/wijzigingen-kleineondernemersregeling-en-introductie-eu-kor\/","title":{"rendered":"Cambios en el r\u00e9gimen de peque\u00f1as empresas e introducci\u00f3n del KOR de la UE"},"content":{"rendered":"<p>A partir del 1 de enero de 2025, cambiar\u00e1n las normas del r\u00e9gimen de peque\u00f1as empresas (KOR). Tambi\u00e9n habr\u00e1 una nueva exenci\u00f3n del IVA para los empresarios que hagan negocios en la UE a partir de entonces: el r\u00e9gimen de la peque\u00f1a empresa de la UE (EU KOR).<\/p>\n<p><!--more--><\/p>\n<p>Para la KOR, estos son los principales cambios:<\/p>\n<ul>\n<li>Se suprimir\u00e1 el periodo obligatorio de participaci\u00f3n de tres a\u00f1os.<\/li>\n<li>Volver a inscribirse en el KOR puede ser m\u00e1s r\u00e1pido.<\/li>\n<li>\u00bfDesea participar en la KOR? En ese caso, el volumen de negocios anual no debe superar los 20.000 euros. Esto se aplica al a\u00f1o natural en el que se inscribe y al a\u00f1o natural anterior.<\/li>\n<li>Puede registrarse o darse de baja en <a href=\"https:\/\/tinyurl.com\/2vwrypdt\" target=\"_blank\" rel=\"noopener\">Mi negocio fiscal<\/a>.<\/li>\n<li>La participaci\u00f3n en la KOR finaliza para los empresarios extranjeros.<\/li>\n<\/ul>\n<p><strong>Nuevo: UE-KOR<br \/><\/strong>Hasta el 1 de enero de 2025, los empresarios establecidos en los Pa\u00edses Bajos pueden aplicar la KOR solo en los Pa\u00edses Bajos. Con la EU KOR, tambi\u00e9n puedes obtener una exenci\u00f3n del IVA para 1 o m\u00e1s pa\u00edses de la UE a partir del 1 de enero de 2025.<\/p>\n<p>Si participa en la EU KOR en, por ejemplo, Francia, B\u00e9lgica e Italia, la exenci\u00f3n del IVA se aplica a estos 3 pa\u00edses. Pero tambi\u00e9n puede elegir, por ejemplo, participar s\u00f3lo en B\u00e9lgica. En ese caso, la exenci\u00f3n del IVA s\u00f3lo se aplica en B\u00e9lgica.<\/p>\n<p>Al participar en la EU KOR, no se cobra IVA a los clientes de otros pa\u00edses de la UE. Usted no presenta declaraci\u00f3n de IVA en otros pa\u00edses de la UE, pero debe presentar cada trimestre una declaraci\u00f3n trimestral del volumen de negocios a las autoridades fiscales neerlandesas.<\/p>\n<p>La participaci\u00f3n en el EU KOR est\u00e1 sujeta a una serie de condiciones, entre las que se incluyen:<\/p>\n<ul>\n<li>la sede de la empresa debe estar situada en los Pa\u00edses Bajos<\/li>\n<li>el volumen de negocios anual m\u00e1ximo es de 100.000 euros (en todos los pa\u00edses de la UE, incluidos los Pa\u00edses Bajos)<\/li>\n<li>los participantes deben respetar el l\u00edmite nacional de volumen de negocios del pa\u00eds de la UE en el que se aplica la exenci\u00f3n del IVA<\/li>\n<\/ul>\n<p><strong>Consejo: <\/strong>\u00bfHace negocios como empresario en otros pa\u00edses de la UE? <a href=\"https:\/\/tinyurl.com\/43pxz4js\" target=\"_blank\" rel=\"noopener\">Aqu\u00ed<\/a> m\u00e1s informaci\u00f3n sobre el nuevo KOR de la UE.<\/p>","protected":false},"excerpt":{"rendered":"<p>A partir del 1 de enero de 2025, cambiar\u00e1 el r\u00e9gimen aplicable a las peque\u00f1as empresas. Tambi\u00e9n habr\u00e1 un r\u00e9gimen de la UE para las peque\u00f1as empresas.<\/p>","protected":false},"author":2,"featured_media":497,"comment_status":"","ping_status":"","sticky":false,"template":"","format":"standard","meta":{"rs_blank_template":"","rs_page_bg_color":"","slide_template_v7":"","footnotes":""},"categories":[4],"tags":[],"class_list":["post-496","post","type-post","status-publish","format-standard","has-post-thumbnail","hentry","category-actueel"],"yoast_head":"<!-- This site is optimized with the Yoast SEO plugin v27.5 - https:\/\/yoast.com\/product\/yoast-seo-wordpress\/ -->\n<title>Wijzigingen kleineondernemersregeling en introductie EU-KOR - Waterland Accountants &amp; Adviseurs<\/title>\n<meta name=\"description\" content=\"Per 1 januari 2025 verandert de kleineondernemersregeling. Ook komt er een kleineondernemersregeling voor de EU.\" \/>\n<meta name=\"robots\" content=\"index, follow, max-snippet:-1, max-image-preview:large, max-video-preview:-1\" \/>\n<link rel=\"canonical\" href=\"https:\/\/www.watacc.nl\/es\/wijzigingen-kleineondernemersregeling-en-introductie-eu-kor\/\" \/>\n<meta property=\"og:locale\" content=\"es_ES\" \/>\n<meta property=\"og:type\" content=\"article\" \/>\n<meta property=\"og:title\" content=\"Wijzigingen kleineondernemersregeling en introductie EU-KOR - Waterland Accountants &amp; Adviseurs\" \/>\n<meta property=\"og:description\" content=\"Per 1 januari 2025 verandert de kleineondernemersregeling. Ook komt er een kleineondernemersregeling voor de EU.\" \/>\n<meta property=\"og:url\" content=\"https:\/\/www.watacc.nl\/es\/wijzigingen-kleineondernemersregeling-en-introductie-eu-kor\/\" \/>\n<meta property=\"og:site_name\" content=\"Waterland Accountants &amp; Adviseurs\" \/>\n<meta property=\"article:published_time\" content=\"2024-11-15T09:34:00+00:00\" \/>\n<meta property=\"og:image\" content=\"https:\/\/www.watacc.nl\/wp-content\/uploads\/2024\/11\/wijzigingen-kleineondernemersregeling-en-introductie-eu-kor.jpg\" \/>\n\t<meta property=\"og:image:width\" content=\"1200\" \/>\n\t<meta property=\"og:image:height\" content=\"800\" \/>\n\t<meta property=\"og:image:type\" content=\"image\/jpeg\" \/>\n<meta name=\"author\" content=\"Sander van der Kleij\" \/>\n<meta name=\"twitter:card\" content=\"summary_large_image\" \/>\n<meta name=\"twitter:label1\" content=\"Escrito por\" \/>\n\t<meta name=\"twitter:data1\" content=\"Sander van der Kleij\" \/>\n\t<meta name=\"twitter:label2\" content=\"Tiempo de lectura\" \/>\n\t<meta name=\"twitter:data2\" content=\"1 minuto\" \/>\n<script type=\"application\/ld+json\" class=\"yoast-schema-graph\">{\"@context\":\"https:\\\/\\\/schema.org\",\"@graph\":[{\"@type\":\"Article\",\"@id\":\"https:\\\/\\\/www.watacc.nl\\\/wijzigingen-kleineondernemersregeling-en-introductie-eu-kor\\\/#article\",\"isPartOf\":{\"@id\":\"https:\\\/\\\/www.watacc.nl\\\/wijzigingen-kleineondernemersregeling-en-introductie-eu-kor\\\/\"},\"author\":{\"name\":\"Sander van der Kleij\",\"@id\":\"https:\\\/\\\/www.watacc.nl\\\/#\\\/schema\\\/person\\\/09b746acdabcb033425c7f7817b1b893\"},\"headline\":\"Wijzigingen kleineondernemersregeling en introductie EU-KOR\",\"datePublished\":\"2024-11-15T09:34:00+00:00\",\"mainEntityOfPage\":{\"@id\":\"https:\\\/\\\/www.watacc.nl\\\/wijzigingen-kleineondernemersregeling-en-introductie-eu-kor\\\/\"},\"wordCount\":284,\"publisher\":{\"@id\":\"https:\\\/\\\/www.watacc.nl\\\/#organization\"},\"image\":{\"@id\":\"https:\\\/\\\/www.watacc.nl\\\/wijzigingen-kleineondernemersregeling-en-introductie-eu-kor\\\/#primaryimage\"},\"thumbnailUrl\":\"https:\\\/\\\/www.watacc.nl\\\/wp-content\\\/uploads\\\/2024\\\/11\\\/wijzigingen-kleineondernemersregeling-en-introductie-eu-kor.jpg\",\"articleSection\":[\"Actueel\"],\"inLanguage\":\"es\"},{\"@type\":\"WebPage\",\"@id\":\"https:\\\/\\\/www.watacc.nl\\\/wijzigingen-kleineondernemersregeling-en-introductie-eu-kor\\\/\",\"url\":\"https:\\\/\\\/www.watacc.nl\\\/wijzigingen-kleineondernemersregeling-en-introductie-eu-kor\\\/\",\"name\":\"Wijzigingen kleineondernemersregeling en introductie EU-KOR - Waterland Accountants &amp; Adviseurs\",\"isPartOf\":{\"@id\":\"https:\\\/\\\/www.watacc.nl\\\/#website\"},\"primaryImageOfPage\":{\"@id\":\"https:\\\/\\\/www.watacc.nl\\\/wijzigingen-kleineondernemersregeling-en-introductie-eu-kor\\\/#primaryimage\"},\"image\":{\"@id\":\"https:\\\/\\\/www.watacc.nl\\\/wijzigingen-kleineondernemersregeling-en-introductie-eu-kor\\\/#primaryimage\"},\"thumbnailUrl\":\"https:\\\/\\\/www.watacc.nl\\\/wp-content\\\/uploads\\\/2024\\\/11\\\/wijzigingen-kleineondernemersregeling-en-introductie-eu-kor.jpg\",\"datePublished\":\"2024-11-15T09:34:00+00:00\",\"description\":\"Per 1 januari 2025 verandert de kleineondernemersregeling. Ook komt er een kleineondernemersregeling voor de EU.\",\"breadcrumb\":{\"@id\":\"https:\\\/\\\/www.watacc.nl\\\/wijzigingen-kleineondernemersregeling-en-introductie-eu-kor\\\/#breadcrumb\"},\"inLanguage\":\"es\",\"potentialAction\":[{\"@type\":\"ReadAction\",\"target\":[\"https:\\\/\\\/www.watacc.nl\\\/wijzigingen-kleineondernemersregeling-en-introductie-eu-kor\\\/\"]}]},{\"@type\":\"ImageObject\",\"inLanguage\":\"es\",\"@id\":\"https:\\\/\\\/www.watacc.nl\\\/wijzigingen-kleineondernemersregeling-en-introductie-eu-kor\\\/#primaryimage\",\"url\":\"https:\\\/\\\/www.watacc.nl\\\/wp-content\\\/uploads\\\/2024\\\/11\\\/wijzigingen-kleineondernemersregeling-en-introductie-eu-kor.jpg\",\"contentUrl\":\"https:\\\/\\\/www.watacc.nl\\\/wp-content\\\/uploads\\\/2024\\\/11\\\/wijzigingen-kleineondernemersregeling-en-introductie-eu-kor.jpg\",\"width\":1200,\"height\":800,\"caption\":\"Wijzigingen kleineondernemersregeling en introductie EU-KOR\"},{\"@type\":\"BreadcrumbList\",\"@id\":\"https:\\\/\\\/www.watacc.nl\\\/wijzigingen-kleineondernemersregeling-en-introductie-eu-kor\\\/#breadcrumb\",\"itemListElement\":[{\"@type\":\"ListItem\",\"position\":1,\"name\":\"Home\",\"item\":\"https:\\\/\\\/www.watacc.nl\\\/\"},{\"@type\":\"ListItem\",\"position\":2,\"name\":\"Wijzigingen kleineondernemersregeling en introductie EU-KOR\"}]},{\"@type\":\"WebSite\",\"@id\":\"https:\\\/\\\/www.watacc.nl\\\/#website\",\"url\":\"https:\\\/\\\/www.watacc.nl\\\/\",\"name\":\"Waterland Accountants & Adviseurs\",\"description\":\"Samen werkt beter!\",\"publisher\":{\"@id\":\"https:\\\/\\\/www.watacc.nl\\\/#organization\"},\"potentialAction\":[{\"@type\":\"SearchAction\",\"target\":{\"@type\":\"EntryPoint\",\"urlTemplate\":\"https:\\\/\\\/www.watacc.nl\\\/?s={search_term_string}\"},\"query-input\":{\"@type\":\"PropertyValueSpecification\",\"valueRequired\":true,\"valueName\":\"search_term_string\"}}],\"inLanguage\":\"es\"},{\"@type\":\"Organization\",\"@id\":\"https:\\\/\\\/www.watacc.nl\\\/#organization\",\"name\":\"Waterland Accountants & Adviseurs\",\"url\":\"https:\\\/\\\/www.watacc.nl\\\/\",\"logo\":{\"@type\":\"ImageObject\",\"inLanguage\":\"es\",\"@id\":\"https:\\\/\\\/www.watacc.nl\\\/#\\\/schema\\\/logo\\\/image\\\/\",\"url\":\"https:\\\/\\\/www.watacc.nl\\\/wp-content\\\/uploads\\\/2024\\\/08\\\/Waterland-accountants-adviseurs-logo-donker.png\",\"contentUrl\":\"https:\\\/\\\/www.watacc.nl\\\/wp-content\\\/uploads\\\/2024\\\/08\\\/Waterland-accountants-adviseurs-logo-donker.png\",\"width\":600,\"height\":180,\"caption\":\"Waterland Accountants & Adviseurs\"},\"image\":{\"@id\":\"https:\\\/\\\/www.watacc.nl\\\/#\\\/schema\\\/logo\\\/image\\\/\"}},{\"@type\":\"Person\",\"@id\":\"https:\\\/\\\/www.watacc.nl\\\/#\\\/schema\\\/person\\\/09b746acdabcb033425c7f7817b1b893\",\"name\":\"Sander van der Kleij\",\"image\":{\"@type\":\"ImageObject\",\"inLanguage\":\"es\",\"@id\":\"https:\\\/\\\/secure.gravatar.com\\\/avatar\\\/1b1bfd8e803b1f33d55a0c8e124ba791fe4066f75ae68028ee92a53a25ca3f30?s=96&d=mm&r=g\",\"url\":\"https:\\\/\\\/secure.gravatar.com\\\/avatar\\\/1b1bfd8e803b1f33d55a0c8e124ba791fe4066f75ae68028ee92a53a25ca3f30?s=96&d=mm&r=g\",\"contentUrl\":\"https:\\\/\\\/secure.gravatar.com\\\/avatar\\\/1b1bfd8e803b1f33d55a0c8e124ba791fe4066f75ae68028ee92a53a25ca3f30?s=96&d=mm&r=g\",\"caption\":\"Sander van der Kleij\"},\"url\":\"https:\\\/\\\/www.watacc.nl\\\/es\\\/author\\\/wp_admin_argila\\\/\"}]}<\/script>\n<!-- \/ Yoast SEO plugin. -->","yoast_head_json":{"title":"Wijzigingen kleineondernemersregeling en introductie EU-KOR - Waterland Accountants &amp; Adviseurs","description":"A partir del 1 de enero de 2025, cambiar\u00e1 el r\u00e9gimen aplicable a las peque\u00f1as empresas. Tambi\u00e9n habr\u00e1 un r\u00e9gimen de la UE para las peque\u00f1as empresas.","robots":{"index":"index","follow":"follow","max-snippet":"max-snippet:-1","max-image-preview":"max-image-preview:large","max-video-preview":"max-video-preview:-1"},"canonical":"https:\/\/www.watacc.nl\/es\/wijzigingen-kleineondernemersregeling-en-introductie-eu-kor\/","og_locale":"es_ES","og_type":"article","og_title":"Wijzigingen kleineondernemersregeling en introductie EU-KOR - Waterland Accountants &amp; Adviseurs","og_description":"Per 1 januari 2025 verandert de kleineondernemersregeling. Ook komt er een kleineondernemersregeling voor de EU.","og_url":"https:\/\/www.watacc.nl\/es\/wijzigingen-kleineondernemersregeling-en-introductie-eu-kor\/","og_site_name":"Waterland Accountants &amp; Adviseurs","article_published_time":"2024-11-15T09:34:00+00:00","og_image":[{"width":1200,"height":800,"url":"https:\/\/www.watacc.nl\/wp-content\/uploads\/2024\/11\/wijzigingen-kleineondernemersregeling-en-introductie-eu-kor.jpg","type":"image\/jpeg"}],"author":"Sander van der Kleij","twitter_card":"summary_large_image","twitter_misc":{"Escrito por":"Sander van der Kleij","Tiempo de lectura":"1 minuto"},"schema":{"@context":"https:\/\/schema.org","@graph":[{"@type":"Article","@id":"https:\/\/www.watacc.nl\/wijzigingen-kleineondernemersregeling-en-introductie-eu-kor\/#article","isPartOf":{"@id":"https:\/\/www.watacc.nl\/wijzigingen-kleineondernemersregeling-en-introductie-eu-kor\/"},"author":{"name":"Sander van der Kleij","@id":"https:\/\/www.watacc.nl\/#\/schema\/person\/09b746acdabcb033425c7f7817b1b893"},"headline":"Wijzigingen kleineondernemersregeling en introductie EU-KOR","datePublished":"2024-11-15T09:34:00+00:00","mainEntityOfPage":{"@id":"https:\/\/www.watacc.nl\/wijzigingen-kleineondernemersregeling-en-introductie-eu-kor\/"},"wordCount":284,"publisher":{"@id":"https:\/\/www.watacc.nl\/#organization"},"image":{"@id":"https:\/\/www.watacc.nl\/wijzigingen-kleineondernemersregeling-en-introductie-eu-kor\/#primaryimage"},"thumbnailUrl":"https:\/\/www.watacc.nl\/wp-content\/uploads\/2024\/11\/wijzigingen-kleineondernemersregeling-en-introductie-eu-kor.jpg","articleSection":["Actueel"],"inLanguage":"es"},{"@type":"WebPage","@id":"https:\/\/www.watacc.nl\/wijzigingen-kleineondernemersregeling-en-introductie-eu-kor\/","url":"https:\/\/www.watacc.nl\/wijzigingen-kleineondernemersregeling-en-introductie-eu-kor\/","name":"Wijzigingen kleineondernemersregeling en introductie EU-KOR - Waterland Accountants &amp; Adviseurs","isPartOf":{"@id":"https:\/\/www.watacc.nl\/#website"},"primaryImageOfPage":{"@id":"https:\/\/www.watacc.nl\/wijzigingen-kleineondernemersregeling-en-introductie-eu-kor\/#primaryimage"},"image":{"@id":"https:\/\/www.watacc.nl\/wijzigingen-kleineondernemersregeling-en-introductie-eu-kor\/#primaryimage"},"thumbnailUrl":"https:\/\/www.watacc.nl\/wp-content\/uploads\/2024\/11\/wijzigingen-kleineondernemersregeling-en-introductie-eu-kor.jpg","datePublished":"2024-11-15T09:34:00+00:00","description":"A partir del 1 de enero de 2025, cambiar\u00e1 el r\u00e9gimen aplicable a las peque\u00f1as empresas. Tambi\u00e9n habr\u00e1 un r\u00e9gimen de la UE para las peque\u00f1as empresas.","breadcrumb":{"@id":"https:\/\/www.watacc.nl\/wijzigingen-kleineondernemersregeling-en-introductie-eu-kor\/#breadcrumb"},"inLanguage":"es","potentialAction":[{"@type":"ReadAction","target":["https:\/\/www.watacc.nl\/wijzigingen-kleineondernemersregeling-en-introductie-eu-kor\/"]}]},{"@type":"ImageObject","inLanguage":"es","@id":"https:\/\/www.watacc.nl\/wijzigingen-kleineondernemersregeling-en-introductie-eu-kor\/#primaryimage","url":"https:\/\/www.watacc.nl\/wp-content\/uploads\/2024\/11\/wijzigingen-kleineondernemersregeling-en-introductie-eu-kor.jpg","contentUrl":"https:\/\/www.watacc.nl\/wp-content\/uploads\/2024\/11\/wijzigingen-kleineondernemersregeling-en-introductie-eu-kor.jpg","width":1200,"height":800,"caption":"Wijzigingen kleineondernemersregeling en introductie EU-KOR"},{"@type":"BreadcrumbList","@id":"https:\/\/www.watacc.nl\/wijzigingen-kleineondernemersregeling-en-introductie-eu-kor\/#breadcrumb","itemListElement":[{"@type":"ListItem","position":1,"name":"Home","item":"https:\/\/www.watacc.nl\/"},{"@type":"ListItem","position":2,"name":"Wijzigingen kleineondernemersregeling en introductie EU-KOR"}]},{"@type":"WebSite","@id":"https:\/\/www.watacc.nl\/#website","url":"https:\/\/www.watacc.nl\/","name":"Waterland Contables y Asesores","description":"Juntos funciona mejor.","publisher":{"@id":"https:\/\/www.watacc.nl\/#organization"},"potentialAction":[{"@type":"SearchAction","target":{"@type":"EntryPoint","urlTemplate":"https:\/\/www.watacc.nl\/?s={search_term_string}"},"query-input":{"@type":"PropertyValueSpecification","valueRequired":true,"valueName":"search_term_string"}}],"inLanguage":"es"},{"@type":"Organization","@id":"https:\/\/www.watacc.nl\/#organization","name":"Waterland Contables y Asesores","url":"https:\/\/www.watacc.nl\/","logo":{"@type":"ImageObject","inLanguage":"es","@id":"https:\/\/www.watacc.nl\/#\/schema\/logo\/image\/","url":"https:\/\/www.watacc.nl\/wp-content\/uploads\/2024\/08\/Waterland-accountants-adviseurs-logo-donker.png","contentUrl":"https:\/\/www.watacc.nl\/wp-content\/uploads\/2024\/08\/Waterland-accountants-adviseurs-logo-donker.png","width":600,"height":180,"caption":"Waterland Accountants & Adviseurs"},"image":{"@id":"https:\/\/www.watacc.nl\/#\/schema\/logo\/image\/"}},{"@type":"Person","@id":"https:\/\/www.watacc.nl\/#\/schema\/person\/09b746acdabcb033425c7f7817b1b893","name":"Sander van der Kleij","image":{"@type":"ImageObject","inLanguage":"es","@id":"https:\/\/secure.gravatar.com\/avatar\/1b1bfd8e803b1f33d55a0c8e124ba791fe4066f75ae68028ee92a53a25ca3f30?s=96&d=mm&r=g","url":"https:\/\/secure.gravatar.com\/avatar\/1b1bfd8e803b1f33d55a0c8e124ba791fe4066f75ae68028ee92a53a25ca3f30?s=96&d=mm&r=g","contentUrl":"https:\/\/secure.gravatar.com\/avatar\/1b1bfd8e803b1f33d55a0c8e124ba791fe4066f75ae68028ee92a53a25ca3f30?s=96&d=mm&r=g","caption":"Sander van der Kleij"},"url":"https:\/\/www.watacc.nl\/es\/author\/wp_admin_argila\/"}]}},"_links":{"self":[{"href":"https:\/\/www.watacc.nl\/es\/wp-json\/wp\/v2\/posts\/496","targetHints":{"allow":["GET"]}}],"collection":[{"href":"https:\/\/www.watacc.nl\/es\/wp-json\/wp\/v2\/posts"}],"about":[{"href":"https:\/\/www.watacc.nl\/es\/wp-json\/wp\/v2\/types\/post"}],"author":[{"embeddable":true,"href":"https:\/\/www.watacc.nl\/es\/wp-json\/wp\/v2\/users\/2"}],"replies":[{"embeddable":true,"href":"https:\/\/www.watacc.nl\/es\/wp-json\/wp\/v2\/comments?post=496"}],"version-history":[{"count":0,"href":"https:\/\/www.watacc.nl\/es\/wp-json\/wp\/v2\/posts\/496\/revisions"}],"wp:featuredmedia":[{"embeddable":true,"href":"https:\/\/www.watacc.nl\/es\/wp-json\/wp\/v2\/media\/497"}],"wp:attachment":[{"href":"https:\/\/www.watacc.nl\/es\/wp-json\/wp\/v2\/media?parent=496"}],"wp:term":[{"taxonomy":"category","embeddable":true,"href":"https:\/\/www.watacc.nl\/es\/wp-json\/wp\/v2\/categories?post=496"},{"taxonomy":"post_tag","embeddable":true,"href":"https:\/\/www.watacc.nl\/es\/wp-json\/wp\/v2\/tags?post=496"}],"curies":[{"name":"wp","href":"https:\/\/api.w.org\/{rel}","templated":true}]}}