{"id":415,"date":"2024-10-18T09:30:00","date_gmt":"2024-10-18T07:30:00","guid":{"rendered":"https:\/\/www.watacc.nl\/perceel-grond-zakelijk-of-prive\/"},"modified":"2024-11-01T10:24:15","modified_gmt":"2024-11-01T09:24:15","slug":"perceel-grond-zakelijk-of-prive","status":"publish","type":"post","link":"https:\/\/www.watacc.nl\/es\/perceel-grond-zakelijk-of-prive\/","title":{"rendered":"Parcela: \u00bfempresa o particular?"},"content":{"rendered":"<p>Un particular ha comprado un terreno con la intenci\u00f3n de construir en \u00e9l una vivienda y venderla despu\u00e9s en su totalidad. Para este proyecto, pide un pr\u00e9stamo de 437.000 euros a un banco. Contabiliza la parcela y el pr\u00e9stamo en la casilla 3. Una vez iniciada la construcci\u00f3n, el particular no puede hacer frente a sus obligaciones de pago y la parcela se subasta finalmente por 42.000 euros. En la declaraci\u00f3n de la renta, el particular registra una p\u00e9rdida de 170.000 euros. Hacienda deniega las deducciones.<\/p>\n<p><!--more--><\/p>\n<p>En el tribunal, la cuesti\u00f3n era si la parcela era un activo opcional y, por tanto, pod\u00eda declararse como activo privado en la casilla 3 o, a posteriori, era en realidad un activo empresarial obligatorio. En el caso de los activos empresariales obligatorios, la inclusi\u00f3n en la casilla 3 no era correcta, la parcela deber\u00eda haberse incluido en el balance y una p\u00e9rdida en la venta s\u00ed ser\u00eda deducible.<\/p>\n<p><strong>Consideraciones del juez<\/strong><br \/>Los activos empresariales obligatorios incluyen activos que est\u00e1n tan estrechamente relacionados con la empresa que no pueden clasificarse razonablemente como activos distintos de los empresariales.<\/p>\n<p>El tribunal parti\u00f3 de la base de que las actividades del particular -que consist\u00edan \u00fanicamente en urbanizar el terreno construyendo (o haciendo construir) en \u00e9l un inmueble de uso residencial\/comercial, con la intenci\u00f3n de venderlo posteriormente con beneficio- deb\u00edan calificarse desde el principio de empresa.<\/p>\n<p>En ese caso, el terreno est\u00e1 totalmente subordinado a la empresa que dirige el particular. Esta circunstancia significa que estar\u00eda fuera de los l\u00edmites de lo razonable incluir este bien en el patrimonio privado. Por lo tanto, el terreno s\u00f3lo puede considerarse patrimonio empresarial obligatorio.<\/p>\n<p><strong>Conclusi\u00f3n<\/strong><br \/>El particular gana el caso. La p\u00e9rdida por la venta es totalmente deducible.<\/p>\n<p><strong>Nota:<\/strong> Un factor en este caso fue que el particular hab\u00eda optado inicialmente por el capital riesgo y, cuando las cosas fueron mal, a\u00fan quer\u00eda deducir la p\u00e9rdida como p\u00e9rdida empresarial. Las autoridades fiscales no siempre aprecian esto comi\u00e9ndose a ambos lados de la valla. Afortunadamente, el tribunal da una opini\u00f3n objetiva.<\/p>","protected":false},"excerpt":{"rendered":"<p>\u00bfSon deducibles las p\u00e9rdidas en el desarrollo de un proyecto \u00fanico fracasado? <\/p>","protected":false},"author":2,"featured_media":449,"comment_status":"closed","ping_status":"","sticky":false,"template":"","format":"standard","meta":{"rs_blank_template":"","rs_page_bg_color":"","slide_template_v7":"","footnotes":""},"categories":[4],"tags":[],"class_list":["post-415","post","type-post","status-publish","format-standard","has-post-thumbnail","hentry","category-actueel"],"yoast_head":"<!-- This site is optimized with the Yoast SEO plugin v27.5 - https:\/\/yoast.com\/product\/yoast-seo-wordpress\/ -->\n<title>Perceel grond: zakelijk of priv\u00e9? - Waterland Accountants &amp; Adviseurs<\/title>\n<meta name=\"description\" content=\"Is verlies op mislukte eenmalige projectontwikkeling aftrekbaar?\" \/>\n<meta name=\"robots\" content=\"index, follow, max-snippet:-1, max-image-preview:large, max-video-preview:-1\" \/>\n<link rel=\"canonical\" href=\"https:\/\/www.watacc.nl\/es\/perceel-grond-zakelijk-of-prive\/\" \/>\n<meta property=\"og:locale\" content=\"es_ES\" \/>\n<meta property=\"og:type\" content=\"article\" \/>\n<meta property=\"og:title\" content=\"Perceel grond: zakelijk of priv\u00e9? - Waterland Accountants &amp; Adviseurs\" \/>\n<meta property=\"og:description\" content=\"Is verlies op mislukte eenmalige projectontwikkeling aftrekbaar?\" \/>\n<meta property=\"og:url\" content=\"https:\/\/www.watacc.nl\/es\/perceel-grond-zakelijk-of-prive\/\" \/>\n<meta property=\"og:site_name\" content=\"Waterland Accountants &amp; Adviseurs\" \/>\n<meta property=\"article:published_time\" content=\"2024-10-18T07:30:00+00:00\" \/>\n<meta property=\"article:modified_time\" content=\"2024-11-01T09:24:15+00:00\" \/>\n<meta property=\"og:image\" content=\"https:\/\/www.watacc.nl\/wp-content\/uploads\/2024\/10\/perceel-grond-zakelijk-of-prive.jpg\" \/>\n\t<meta property=\"og:image:width\" content=\"1200\" \/>\n\t<meta property=\"og:image:height\" content=\"800\" \/>\n\t<meta property=\"og:image:type\" content=\"image\/jpeg\" \/>\n<meta name=\"author\" content=\"Sander van der Kleij\" \/>\n<meta name=\"twitter:card\" content=\"summary_large_image\" \/>\n<meta name=\"twitter:label1\" content=\"Escrito por\" \/>\n\t<meta name=\"twitter:data1\" content=\"Sander van der Kleij\" \/>\n\t<meta name=\"twitter:label2\" content=\"Tiempo de lectura\" \/>\n\t<meta name=\"twitter:data2\" content=\"2 minutos\" \/>\n<script type=\"application\/ld+json\" class=\"yoast-schema-graph\">{\"@context\":\"https:\\\/\\\/schema.org\",\"@graph\":[{\"@type\":\"Article\",\"@id\":\"https:\\\/\\\/www.watacc.nl\\\/perceel-grond-zakelijk-of-prive\\\/#article\",\"isPartOf\":{\"@id\":\"https:\\\/\\\/www.watacc.nl\\\/perceel-grond-zakelijk-of-prive\\\/\"},\"author\":{\"name\":\"Sander van der Kleij\",\"@id\":\"https:\\\/\\\/www.watacc.nl\\\/#\\\/schema\\\/person\\\/09b746acdabcb033425c7f7817b1b893\"},\"headline\":\"Perceel grond: zakelijk of priv\u00e9?\",\"datePublished\":\"2024-10-18T07:30:00+00:00\",\"dateModified\":\"2024-11-01T09:24:15+00:00\",\"mainEntityOfPage\":{\"@id\":\"https:\\\/\\\/www.watacc.nl\\\/perceel-grond-zakelijk-of-prive\\\/\"},\"wordCount\":331,\"publisher\":{\"@id\":\"https:\\\/\\\/www.watacc.nl\\\/#organization\"},\"image\":{\"@id\":\"https:\\\/\\\/www.watacc.nl\\\/perceel-grond-zakelijk-of-prive\\\/#primaryimage\"},\"thumbnailUrl\":\"https:\\\/\\\/www.watacc.nl\\\/wp-content\\\/uploads\\\/2024\\\/10\\\/perceel-grond-zakelijk-of-prive-1.jpg\",\"articleSection\":[\"Actueel\"],\"inLanguage\":\"es\"},{\"@type\":\"WebPage\",\"@id\":\"https:\\\/\\\/www.watacc.nl\\\/perceel-grond-zakelijk-of-prive\\\/\",\"url\":\"https:\\\/\\\/www.watacc.nl\\\/perceel-grond-zakelijk-of-prive\\\/\",\"name\":\"Perceel grond: zakelijk of priv\u00e9? - Waterland Accountants &amp; Adviseurs\",\"isPartOf\":{\"@id\":\"https:\\\/\\\/www.watacc.nl\\\/#website\"},\"primaryImageOfPage\":{\"@id\":\"https:\\\/\\\/www.watacc.nl\\\/perceel-grond-zakelijk-of-prive\\\/#primaryimage\"},\"image\":{\"@id\":\"https:\\\/\\\/www.watacc.nl\\\/perceel-grond-zakelijk-of-prive\\\/#primaryimage\"},\"thumbnailUrl\":\"https:\\\/\\\/www.watacc.nl\\\/wp-content\\\/uploads\\\/2024\\\/10\\\/perceel-grond-zakelijk-of-prive-1.jpg\",\"datePublished\":\"2024-10-18T07:30:00+00:00\",\"dateModified\":\"2024-11-01T09:24:15+00:00\",\"description\":\"Is verlies op mislukte eenmalige projectontwikkeling aftrekbaar?\",\"breadcrumb\":{\"@id\":\"https:\\\/\\\/www.watacc.nl\\\/perceel-grond-zakelijk-of-prive\\\/#breadcrumb\"},\"inLanguage\":\"es\",\"potentialAction\":[{\"@type\":\"ReadAction\",\"target\":[\"https:\\\/\\\/www.watacc.nl\\\/perceel-grond-zakelijk-of-prive\\\/\"]}]},{\"@type\":\"ImageObject\",\"inLanguage\":\"es\",\"@id\":\"https:\\\/\\\/www.watacc.nl\\\/perceel-grond-zakelijk-of-prive\\\/#primaryimage\",\"url\":\"https:\\\/\\\/www.watacc.nl\\\/wp-content\\\/uploads\\\/2024\\\/10\\\/perceel-grond-zakelijk-of-prive-1.jpg\",\"contentUrl\":\"https:\\\/\\\/www.watacc.nl\\\/wp-content\\\/uploads\\\/2024\\\/10\\\/perceel-grond-zakelijk-of-prive-1.jpg\",\"width\":1200,\"height\":800,\"caption\":\"Perceel grond zakelijk of priv\u00e9\"},{\"@type\":\"BreadcrumbList\",\"@id\":\"https:\\\/\\\/www.watacc.nl\\\/perceel-grond-zakelijk-of-prive\\\/#breadcrumb\",\"itemListElement\":[{\"@type\":\"ListItem\",\"position\":1,\"name\":\"Home\",\"item\":\"https:\\\/\\\/www.watacc.nl\\\/\"},{\"@type\":\"ListItem\",\"position\":2,\"name\":\"Perceel grond: zakelijk of priv\u00e9?\"}]},{\"@type\":\"WebSite\",\"@id\":\"https:\\\/\\\/www.watacc.nl\\\/#website\",\"url\":\"https:\\\/\\\/www.watacc.nl\\\/\",\"name\":\"Waterland Accountants & Adviseurs\",\"description\":\"Samen werkt beter!\",\"publisher\":{\"@id\":\"https:\\\/\\\/www.watacc.nl\\\/#organization\"},\"potentialAction\":[{\"@type\":\"SearchAction\",\"target\":{\"@type\":\"EntryPoint\",\"urlTemplate\":\"https:\\\/\\\/www.watacc.nl\\\/?s={search_term_string}\"},\"query-input\":{\"@type\":\"PropertyValueSpecification\",\"valueRequired\":true,\"valueName\":\"search_term_string\"}}],\"inLanguage\":\"es\"},{\"@type\":\"Organization\",\"@id\":\"https:\\\/\\\/www.watacc.nl\\\/#organization\",\"name\":\"Waterland Accountants & Adviseurs\",\"url\":\"https:\\\/\\\/www.watacc.nl\\\/\",\"logo\":{\"@type\":\"ImageObject\",\"inLanguage\":\"es\",\"@id\":\"https:\\\/\\\/www.watacc.nl\\\/#\\\/schema\\\/logo\\\/image\\\/\",\"url\":\"https:\\\/\\\/www.watacc.nl\\\/wp-content\\\/uploads\\\/2024\\\/08\\\/Waterland-accountants-adviseurs-logo-donker.png\",\"contentUrl\":\"https:\\\/\\\/www.watacc.nl\\\/wp-content\\\/uploads\\\/2024\\\/08\\\/Waterland-accountants-adviseurs-logo-donker.png\",\"width\":600,\"height\":180,\"caption\":\"Waterland Accountants & Adviseurs\"},\"image\":{\"@id\":\"https:\\\/\\\/www.watacc.nl\\\/#\\\/schema\\\/logo\\\/image\\\/\"}},{\"@type\":\"Person\",\"@id\":\"https:\\\/\\\/www.watacc.nl\\\/#\\\/schema\\\/person\\\/09b746acdabcb033425c7f7817b1b893\",\"name\":\"Sander van der Kleij\",\"image\":{\"@type\":\"ImageObject\",\"inLanguage\":\"es\",\"@id\":\"https:\\\/\\\/secure.gravatar.com\\\/avatar\\\/1b1bfd8e803b1f33d55a0c8e124ba791fe4066f75ae68028ee92a53a25ca3f30?s=96&d=mm&r=g\",\"url\":\"https:\\\/\\\/secure.gravatar.com\\\/avatar\\\/1b1bfd8e803b1f33d55a0c8e124ba791fe4066f75ae68028ee92a53a25ca3f30?s=96&d=mm&r=g\",\"contentUrl\":\"https:\\\/\\\/secure.gravatar.com\\\/avatar\\\/1b1bfd8e803b1f33d55a0c8e124ba791fe4066f75ae68028ee92a53a25ca3f30?s=96&d=mm&r=g\",\"caption\":\"Sander van der Kleij\"},\"url\":\"https:\\\/\\\/www.watacc.nl\\\/es\\\/author\\\/wp_admin_argila\\\/\"}]}<\/script>\n<!-- \/ Yoast SEO plugin. -->","yoast_head_json":{"title":"Perceel grond: zakelijk of priv\u00e9? - Waterland Accountants &amp; Adviseurs","description":"\u00bfSon deducibles las p\u00e9rdidas en el desarrollo de un proyecto \u00fanico fracasado?","robots":{"index":"index","follow":"follow","max-snippet":"max-snippet:-1","max-image-preview":"max-image-preview:large","max-video-preview":"max-video-preview:-1"},"canonical":"https:\/\/www.watacc.nl\/es\/perceel-grond-zakelijk-of-prive\/","og_locale":"es_ES","og_type":"article","og_title":"Perceel grond: zakelijk of priv\u00e9? - Waterland Accountants &amp; Adviseurs","og_description":"Is verlies op mislukte eenmalige projectontwikkeling aftrekbaar?","og_url":"https:\/\/www.watacc.nl\/es\/perceel-grond-zakelijk-of-prive\/","og_site_name":"Waterland Accountants &amp; Adviseurs","article_published_time":"2024-10-18T07:30:00+00:00","article_modified_time":"2024-11-01T09:24:15+00:00","og_image":[{"width":1200,"height":800,"url":"https:\/\/www.watacc.nl\/wp-content\/uploads\/2024\/10\/perceel-grond-zakelijk-of-prive.jpg","type":"image\/jpeg"}],"author":"Sander van der Kleij","twitter_card":"summary_large_image","twitter_misc":{"Escrito por":"Sander van der Kleij","Tiempo de lectura":"2 minutos"},"schema":{"@context":"https:\/\/schema.org","@graph":[{"@type":"Article","@id":"https:\/\/www.watacc.nl\/perceel-grond-zakelijk-of-prive\/#article","isPartOf":{"@id":"https:\/\/www.watacc.nl\/perceel-grond-zakelijk-of-prive\/"},"author":{"name":"Sander van der Kleij","@id":"https:\/\/www.watacc.nl\/#\/schema\/person\/09b746acdabcb033425c7f7817b1b893"},"headline":"Perceel grond: zakelijk of priv\u00e9?","datePublished":"2024-10-18T07:30:00+00:00","dateModified":"2024-11-01T09:24:15+00:00","mainEntityOfPage":{"@id":"https:\/\/www.watacc.nl\/perceel-grond-zakelijk-of-prive\/"},"wordCount":331,"publisher":{"@id":"https:\/\/www.watacc.nl\/#organization"},"image":{"@id":"https:\/\/www.watacc.nl\/perceel-grond-zakelijk-of-prive\/#primaryimage"},"thumbnailUrl":"https:\/\/www.watacc.nl\/wp-content\/uploads\/2024\/10\/perceel-grond-zakelijk-of-prive-1.jpg","articleSection":["Actueel"],"inLanguage":"es"},{"@type":"WebPage","@id":"https:\/\/www.watacc.nl\/perceel-grond-zakelijk-of-prive\/","url":"https:\/\/www.watacc.nl\/perceel-grond-zakelijk-of-prive\/","name":"Perceel grond: zakelijk of priv\u00e9? - Waterland Accountants &amp; Adviseurs","isPartOf":{"@id":"https:\/\/www.watacc.nl\/#website"},"primaryImageOfPage":{"@id":"https:\/\/www.watacc.nl\/perceel-grond-zakelijk-of-prive\/#primaryimage"},"image":{"@id":"https:\/\/www.watacc.nl\/perceel-grond-zakelijk-of-prive\/#primaryimage"},"thumbnailUrl":"https:\/\/www.watacc.nl\/wp-content\/uploads\/2024\/10\/perceel-grond-zakelijk-of-prive-1.jpg","datePublished":"2024-10-18T07:30:00+00:00","dateModified":"2024-11-01T09:24:15+00:00","description":"\u00bfSon deducibles las p\u00e9rdidas en el desarrollo de un proyecto \u00fanico fracasado?","breadcrumb":{"@id":"https:\/\/www.watacc.nl\/perceel-grond-zakelijk-of-prive\/#breadcrumb"},"inLanguage":"es","potentialAction":[{"@type":"ReadAction","target":["https:\/\/www.watacc.nl\/perceel-grond-zakelijk-of-prive\/"]}]},{"@type":"ImageObject","inLanguage":"es","@id":"https:\/\/www.watacc.nl\/perceel-grond-zakelijk-of-prive\/#primaryimage","url":"https:\/\/www.watacc.nl\/wp-content\/uploads\/2024\/10\/perceel-grond-zakelijk-of-prive-1.jpg","contentUrl":"https:\/\/www.watacc.nl\/wp-content\/uploads\/2024\/10\/perceel-grond-zakelijk-of-prive-1.jpg","width":1200,"height":800,"caption":"Perceel grond zakelijk of priv\u00e9"},{"@type":"BreadcrumbList","@id":"https:\/\/www.watacc.nl\/perceel-grond-zakelijk-of-prive\/#breadcrumb","itemListElement":[{"@type":"ListItem","position":1,"name":"Home","item":"https:\/\/www.watacc.nl\/"},{"@type":"ListItem","position":2,"name":"Perceel grond: zakelijk of priv\u00e9?"}]},{"@type":"WebSite","@id":"https:\/\/www.watacc.nl\/#website","url":"https:\/\/www.watacc.nl\/","name":"Waterland Contables y Asesores","description":"Juntos funciona mejor.","publisher":{"@id":"https:\/\/www.watacc.nl\/#organization"},"potentialAction":[{"@type":"SearchAction","target":{"@type":"EntryPoint","urlTemplate":"https:\/\/www.watacc.nl\/?s={search_term_string}"},"query-input":{"@type":"PropertyValueSpecification","valueRequired":true,"valueName":"search_term_string"}}],"inLanguage":"es"},{"@type":"Organization","@id":"https:\/\/www.watacc.nl\/#organization","name":"Waterland Contables y Asesores","url":"https:\/\/www.watacc.nl\/","logo":{"@type":"ImageObject","inLanguage":"es","@id":"https:\/\/www.watacc.nl\/#\/schema\/logo\/image\/","url":"https:\/\/www.watacc.nl\/wp-content\/uploads\/2024\/08\/Waterland-accountants-adviseurs-logo-donker.png","contentUrl":"https:\/\/www.watacc.nl\/wp-content\/uploads\/2024\/08\/Waterland-accountants-adviseurs-logo-donker.png","width":600,"height":180,"caption":"Waterland Accountants & Adviseurs"},"image":{"@id":"https:\/\/www.watacc.nl\/#\/schema\/logo\/image\/"}},{"@type":"Person","@id":"https:\/\/www.watacc.nl\/#\/schema\/person\/09b746acdabcb033425c7f7817b1b893","name":"Sander van der Kleij","image":{"@type":"ImageObject","inLanguage":"es","@id":"https:\/\/secure.gravatar.com\/avatar\/1b1bfd8e803b1f33d55a0c8e124ba791fe4066f75ae68028ee92a53a25ca3f30?s=96&d=mm&r=g","url":"https:\/\/secure.gravatar.com\/avatar\/1b1bfd8e803b1f33d55a0c8e124ba791fe4066f75ae68028ee92a53a25ca3f30?s=96&d=mm&r=g","contentUrl":"https:\/\/secure.gravatar.com\/avatar\/1b1bfd8e803b1f33d55a0c8e124ba791fe4066f75ae68028ee92a53a25ca3f30?s=96&d=mm&r=g","caption":"Sander van der Kleij"},"url":"https:\/\/www.watacc.nl\/es\/author\/wp_admin_argila\/"}]}},"_links":{"self":[{"href":"https:\/\/www.watacc.nl\/es\/wp-json\/wp\/v2\/posts\/415","targetHints":{"allow":["GET"]}}],"collection":[{"href":"https:\/\/www.watacc.nl\/es\/wp-json\/wp\/v2\/posts"}],"about":[{"href":"https:\/\/www.watacc.nl\/es\/wp-json\/wp\/v2\/types\/post"}],"author":[{"embeddable":true,"href":"https:\/\/www.watacc.nl\/es\/wp-json\/wp\/v2\/users\/2"}],"replies":[{"embeddable":true,"href":"https:\/\/www.watacc.nl\/es\/wp-json\/wp\/v2\/comments?post=415"}],"version-history":[{"count":1,"href":"https:\/\/www.watacc.nl\/es\/wp-json\/wp\/v2\/posts\/415\/revisions"}],"predecessor-version":[{"id":427,"href":"https:\/\/www.watacc.nl\/es\/wp-json\/wp\/v2\/posts\/415\/revisions\/427"}],"wp:featuredmedia":[{"embeddable":true,"href":"https:\/\/www.watacc.nl\/es\/wp-json\/wp\/v2\/media\/449"}],"wp:attachment":[{"href":"https:\/\/www.watacc.nl\/es\/wp-json\/wp\/v2\/media?parent=415"}],"wp:term":[{"taxonomy":"category","embeddable":true,"href":"https:\/\/www.watacc.nl\/es\/wp-json\/wp\/v2\/categories?post=415"},{"taxonomy":"post_tag","embeddable":true,"href":"https:\/\/www.watacc.nl\/es\/wp-json\/wp\/v2\/tags?post=415"}],"curies":[{"name":"wp","href":"https:\/\/api.w.org\/{rel}","templated":true}]}}