{"id":411,"date":"2024-10-04T09:32:00","date_gmt":"2024-10-04T07:32:00","guid":{"rendered":"https:\/\/www.watacc.nl\/fiscale-strategische-agenda-van-het-kabinet\/"},"modified":"2024-10-21T16:56:37","modified_gmt":"2024-10-21T14:56:37","slug":"fiscale-strategische-agenda-van-het-kabinet","status":"publish","type":"post","link":"https:\/\/www.watacc.nl\/es\/fiscale-strategische-agenda-van-het-kabinet\/","title":{"rendered":"Agenda estrat\u00e9gica fiscal del Gabinete"},"content":{"rendered":"<p>El Gobierno ha expuesto sus ambiciones en una agenda fiscal estrat\u00e9gica para este periodo de gobierno. \u00bfD\u00f3nde est\u00e1n las prioridades y c\u00f3mo se situar\u00e1n en los pr\u00f3ximos cuatro a\u00f1os? \u00bfCu\u00e1les son las condiciones previas y cu\u00e1l es la situaci\u00f3n de otras cuestiones fiscales? \u00bfCu\u00e1l ser\u00e1 la planificaci\u00f3n legislativa? El gabinete ha informado recientemente al respecto a la C\u00e1mara de Representantes.<\/p>\n<p><!--more--><\/p>\n<p><strong>Prioridad 1: una Administraci\u00f3n tributaria preparada para el futuro <br \/><\/strong>Para la continuidad de la Administraci\u00f3n Tributaria y Aduanera, los principales objetivos se sit\u00faan en dos \u00e1mbitos: la contrataci\u00f3n y retenci\u00f3n de personal suficiente y cualificado y la modernizaci\u00f3n de los sistemas de TIC. Hacienda est\u00e1 trabajando en una tarea de modernizaci\u00f3n de las TIC. Esto es necesario para garantizar la continuidad. Un panorama moderno de las TIC es tambi\u00e9n una condici\u00f3n previa para poder aplicar finalmente una reforma del sistema tributario. El margen para nuevas leyes y reglamentos adicionales es muy limitado, al menos hasta 2026.<\/p>\n<p><strong>Prioridad 2: Preparar legislaci\u00f3n para reformar el sistema fiscal y de prestaciones sociales<br \/><\/strong>Dado que no es f\u00e1cil introducir mejoras significativas en el sistema actual, el Gobierno preparar\u00e1 legislaci\u00f3n para reformar el sistema fiscal y de prestaciones.<\/p>\n<p>El sistema fiscal cuenta con numerosos reg\u00edmenes especiales. En muchos casos, suponen un beneficio fiscal -un tipo reducido, una deducci\u00f3n, un cr\u00e9dito fiscal o una exenci\u00f3n- con el objetivo subyacente de lograr un efecto positivo para la sociedad en su conjunto. Desgraciadamente, no se puede demostrar que muchos reg\u00edmenes fiscales logren su prop\u00f3sito y hacen que el sistema tributario sea m\u00e1s complejo de lo necesario para los ciudadanos, las empresas y la Administraci\u00f3n Tributaria.<\/p>\n<p>En primer lugar, el Gobierno empezar\u00e1 a trabajar en la eliminaci\u00f3n progresiva de los reg\u00edmenes fiscales (de valoraci\u00f3n negativa). Se suprimir\u00e1n en gran medida los tipos reducidos del IVA sobre alojamiento y cultura, as\u00ed como el r\u00e9gimen de compensaci\u00f3n fiscal de la energ\u00eda. Adem\u00e1s, en los pr\u00f3ximos a\u00f1os se llevar\u00e1n a cabo nuevas evaluaciones de los reg\u00edmenes fiscales.<\/p>\n<p><strong>Prioridad 3: Box 3 en aguas m\u00e1s tranquilas<br \/><\/strong>Desde la llamada sentencia de Navidad, a finales de 2021, la caja 3 est\u00e1 en el punto de mira. La tarea de este periodo de gabinete es doble. En primer lugar, hay que llevar a cabo una operaci\u00f3n de recuperaci\u00f3n de los a\u00f1os pasados y futuros en los que se aplica la legislaci\u00f3n actual. En segundo lugar, hay que legislar y aplicar el nuevo sistema.&nbsp;<\/p>\n<p>Desde entonces, la Administraci\u00f3n Tributaria ha indicado que, debido a la nueva operaci\u00f3n de recaudaci\u00f3n, no se dispone de capacidad suficiente para aplicar plenamente el proyecto de ley sobre la casilla 3 de devoluci\u00f3n real en su forma actual antes del 1 de enero de 2027. Por lo tanto, el Gobierno ha pedido que se investiguen las opciones de aplicaci\u00f3n alternativas que sean viables para el 1 de enero de 2027, de modo que se pueda tomar una decisi\u00f3n cuidadosa sobre las opciones.<\/p>\n<p><strong>Condici\u00f3n previa: legislaci\u00f3n de alta calidad y difusi\u00f3n de la legislaci\u00f3n<\/strong>&nbsp; <br \/>Un requisito previo para el \u00e9xito de la pol\u00edtica fiscal es una legislaci\u00f3n de alta calidad. Para garantizar que cada proyecto de ley pueda tramitarse cuidadosamente tanto en la C\u00e1mara Baja como en la Alta, el Gobierno considera importante escalonar la presentaci\u00f3n de legislaci\u00f3n a lo largo del tiempo. El reto consiste en limitar en la medida de lo posible los proyectos de ley urgentes, como el Plan Fiscal, a aquellos cuya tramitaci\u00f3n sea necesaria con rapidez.<\/p>\n<p><strong>Avances en otras cuestiones fiscales<br \/><\/strong>Adem\u00e1s de las tres prioridades mencionadas, el Gobierno quiere avanzar en otras cuestiones fiscales. El Esbozo de Acuerdo tambi\u00e9n contiene una serie de medidas que deben concretarse en la legislaci\u00f3n.<\/p>\n<p><u>Clima empresarial y de negocios<\/u>: Las empresas internacionales pueden seguir contando con que los Pa\u00edses Bajos son un pa\u00eds atractivo para invertir, con un clima fiscal estable y predecible. El Plan Fiscal 2025 ya incluye una serie de medidas para reforzar el clima empresarial y de establecimiento.<\/p>\n<p><u>Fiscalidad de los grandes patrimonios<\/u>El gobierno est\u00e1 investigando la imposici\u00f3n de los beneficios de los llamados intereses lucrativos. Un ejemplo de inter\u00e9s lucrativo es una participaci\u00f3n en el capital obtenida por un directivo\/empleado como recompensa por su trabajo, en la que normalmente pueden obtenerse rendimientos desproporcionados en relaci\u00f3n con el capital invertido y\/o el riesgo realmente corrido en la inversi\u00f3n.<\/p>\n<p><u>Lucha contra la evasi\u00f3n fiscal<\/u>El Gobierno ha propuesto una serie de medidas concretas en el Plan Fiscal 2025. Despu\u00e9s de eso, no hay frutos maduros en t\u00e9rminos de construcciones fiscales que puedan abordarse a corto plazo con medidas adicionales y generar ingresos.<\/p>\n<p><u>Impuestos de matriculaci\u00f3n<\/u>En la primavera de 2025, el Consejo de Ministros presentar\u00e1 un plan para reformar los impuestos sobre los autom\u00f3viles y la pol\u00edtica de movilidad conexa. Este plan elaborar\u00e1 varias opciones, teniendo en cuenta los acuerdos sobre la reforma de los impuestos sobre los autom\u00f3viles y la reducci\u00f3n de CO2 relacionada, tal y como se incluye en el Plan de Recuperaci\u00f3n y Resiliencia neerland\u00e9s (HVP).<\/p>\n<p><u>Fomentar un comportamiento saludable<\/u>El consumo de cigarrillos electr\u00f3nicos es nocivo y adictivo, y puede ser un trampol\u00edn hacia el tabaquismo. La v\u00eda m\u00e1s obvia para aumentar el precio de los cigarrillos electr\u00f3nicos es incluirlos en la Directiva europea sobre fiscalidad del tabaco. En la actualidad, m\u00e1s de la mitad de los adultos tienen sobrepeso y esa proporci\u00f3n aumenta gradualmente. Como consecuencia, tienen un mayor riesgo de sufrir problemas de salud. Por ello, se est\u00e1 estudiando la posibilidad de diferenciar el impuesto sobre el consumo de bebidas no alcoh\u00f3licas en funci\u00f3n del contenido de az\u00facar.<\/p>\n<p><u>Clima y medio ambiente<\/u>: En los pr\u00f3ximos a\u00f1os, la pol\u00edtica fiscal en materia de clima y medio ambiente iniciada por anteriores gabinetes tendr\u00e1 una amplia continuidad. El Plan Fiscal 2025 contiene una serie de medidas concretas que entrar\u00e1n en vigor en los pr\u00f3ximos a\u00f1os. En la actualidad se est\u00e1 estudiando la forma de dise\u00f1ar el gravamen sobre el pl\u00e1stico a partir de 2028 y sus efectos pol\u00edticos. Adem\u00e1s, se est\u00e1 trabajando para diferenciar el tipo impositivo sobre pasajeros a\u00e9reos en funci\u00f3n de la distancia a partir del 1 de enero de 2027.<\/p>","protected":false},"excerpt":{"rendered":"<p>\u00bfCu\u00e1les son las tres prioridades fiscales para esta legislatura? <\/p>","protected":false},"author":2,"featured_media":412,"comment_status":"closed","ping_status":"closed","sticky":false,"template":"","format":"standard","meta":{"rs_blank_template":"","rs_page_bg_color":"","slide_template_v7":"","footnotes":""},"categories":[4],"tags":[],"class_list":["post-411","post","type-post","status-publish","format-standard","has-post-thumbnail","hentry","category-actueel"],"yoast_head":"<!-- This site is optimized with the Yoast SEO plugin v27.5 - https:\/\/yoast.com\/product\/yoast-seo-wordpress\/ -->\n<title>Fiscale strategische agenda van het kabinet - Waterland Accountants &amp; Adviseurs<\/title>\n<meta name=\"description\" content=\"Wat zijn de drie fiscale prioriteiten voor deze kabinetsperiode?\" \/>\n<meta name=\"robots\" content=\"index, follow, max-snippet:-1, max-image-preview:large, max-video-preview:-1\" \/>\n<link rel=\"canonical\" href=\"https:\/\/www.watacc.nl\/es\/fiscale-strategische-agenda-van-het-kabinet\/\" \/>\n<meta property=\"og:locale\" content=\"es_ES\" \/>\n<meta property=\"og:type\" content=\"article\" \/>\n<meta property=\"og:title\" content=\"Fiscale strategische agenda van het kabinet - Waterland Accountants &amp; Adviseurs\" \/>\n<meta property=\"og:description\" content=\"Wat zijn de drie fiscale prioriteiten voor deze kabinetsperiode?\" \/>\n<meta property=\"og:url\" content=\"https:\/\/www.watacc.nl\/es\/fiscale-strategische-agenda-van-het-kabinet\/\" \/>\n<meta property=\"og:site_name\" content=\"Waterland Accountants &amp; Adviseurs\" \/>\n<meta property=\"article:published_time\" content=\"2024-10-04T07:32:00+00:00\" \/>\n<meta property=\"article:modified_time\" content=\"2024-10-21T14:56:37+00:00\" \/>\n<meta property=\"og:image\" content=\"https:\/\/www.watacc.nl\/wp-content\/uploads\/2024\/10\/fiscale-strategische-agenda-van-het-kabinet.jpg\" \/>\n\t<meta property=\"og:image:width\" content=\"1200\" \/>\n\t<meta property=\"og:image:height\" content=\"800\" \/>\n\t<meta property=\"og:image:type\" content=\"image\/jpeg\" \/>\n<meta name=\"author\" content=\"Sander van der Kleij\" \/>\n<meta name=\"twitter:card\" content=\"summary_large_image\" \/>\n<meta name=\"twitter:label1\" content=\"Escrito por\" \/>\n\t<meta name=\"twitter:data1\" content=\"Sander van der Kleij\" \/>\n\t<meta name=\"twitter:label2\" content=\"Tiempo de lectura\" \/>\n\t<meta name=\"twitter:data2\" content=\"4 minutos\" \/>\n<script type=\"application\/ld+json\" class=\"yoast-schema-graph\">{\"@context\":\"https:\\\/\\\/schema.org\",\"@graph\":[{\"@type\":\"Article\",\"@id\":\"https:\\\/\\\/www.watacc.nl\\\/fiscale-strategische-agenda-van-het-kabinet\\\/#article\",\"isPartOf\":{\"@id\":\"https:\\\/\\\/www.watacc.nl\\\/fiscale-strategische-agenda-van-het-kabinet\\\/\"},\"author\":{\"name\":\"Sander van der Kleij\",\"@id\":\"https:\\\/\\\/www.watacc.nl\\\/#\\\/schema\\\/person\\\/09b746acdabcb033425c7f7817b1b893\"},\"headline\":\"Fiscale strategische agenda van het kabinet\",\"datePublished\":\"2024-10-04T07:32:00+00:00\",\"dateModified\":\"2024-10-21T14:56:37+00:00\",\"mainEntityOfPage\":{\"@id\":\"https:\\\/\\\/www.watacc.nl\\\/fiscale-strategische-agenda-van-het-kabinet\\\/\"},\"wordCount\":885,\"publisher\":{\"@id\":\"https:\\\/\\\/www.watacc.nl\\\/#organization\"},\"image\":{\"@id\":\"https:\\\/\\\/www.watacc.nl\\\/fiscale-strategische-agenda-van-het-kabinet\\\/#primaryimage\"},\"thumbnailUrl\":\"https:\\\/\\\/www.watacc.nl\\\/wp-content\\\/uploads\\\/2024\\\/10\\\/fiscale-strategische-agenda-van-het-kabinet.jpg\",\"articleSection\":[\"Actueel\"],\"inLanguage\":\"es\"},{\"@type\":\"WebPage\",\"@id\":\"https:\\\/\\\/www.watacc.nl\\\/fiscale-strategische-agenda-van-het-kabinet\\\/\",\"url\":\"https:\\\/\\\/www.watacc.nl\\\/fiscale-strategische-agenda-van-het-kabinet\\\/\",\"name\":\"Fiscale strategische agenda van het kabinet - Waterland Accountants &amp; Adviseurs\",\"isPartOf\":{\"@id\":\"https:\\\/\\\/www.watacc.nl\\\/#website\"},\"primaryImageOfPage\":{\"@id\":\"https:\\\/\\\/www.watacc.nl\\\/fiscale-strategische-agenda-van-het-kabinet\\\/#primaryimage\"},\"image\":{\"@id\":\"https:\\\/\\\/www.watacc.nl\\\/fiscale-strategische-agenda-van-het-kabinet\\\/#primaryimage\"},\"thumbnailUrl\":\"https:\\\/\\\/www.watacc.nl\\\/wp-content\\\/uploads\\\/2024\\\/10\\\/fiscale-strategische-agenda-van-het-kabinet.jpg\",\"datePublished\":\"2024-10-04T07:32:00+00:00\",\"dateModified\":\"2024-10-21T14:56:37+00:00\",\"description\":\"Wat zijn de drie fiscale prioriteiten voor deze kabinetsperiode?\",\"breadcrumb\":{\"@id\":\"https:\\\/\\\/www.watacc.nl\\\/fiscale-strategische-agenda-van-het-kabinet\\\/#breadcrumb\"},\"inLanguage\":\"es\",\"potentialAction\":[{\"@type\":\"ReadAction\",\"target\":[\"https:\\\/\\\/www.watacc.nl\\\/fiscale-strategische-agenda-van-het-kabinet\\\/\"]}]},{\"@type\":\"ImageObject\",\"inLanguage\":\"es\",\"@id\":\"https:\\\/\\\/www.watacc.nl\\\/fiscale-strategische-agenda-van-het-kabinet\\\/#primaryimage\",\"url\":\"https:\\\/\\\/www.watacc.nl\\\/wp-content\\\/uploads\\\/2024\\\/10\\\/fiscale-strategische-agenda-van-het-kabinet.jpg\",\"contentUrl\":\"https:\\\/\\\/www.watacc.nl\\\/wp-content\\\/uploads\\\/2024\\\/10\\\/fiscale-strategische-agenda-van-het-kabinet.jpg\",\"width\":1200,\"height\":800,\"caption\":\"Fiscale strategische agenda van het kabinet\"},{\"@type\":\"BreadcrumbList\",\"@id\":\"https:\\\/\\\/www.watacc.nl\\\/fiscale-strategische-agenda-van-het-kabinet\\\/#breadcrumb\",\"itemListElement\":[{\"@type\":\"ListItem\",\"position\":1,\"name\":\"Home\",\"item\":\"https:\\\/\\\/www.watacc.nl\\\/\"},{\"@type\":\"ListItem\",\"position\":2,\"name\":\"Fiscale strategische agenda van het kabinet\"}]},{\"@type\":\"WebSite\",\"@id\":\"https:\\\/\\\/www.watacc.nl\\\/#website\",\"url\":\"https:\\\/\\\/www.watacc.nl\\\/\",\"name\":\"Waterland Accountants & Adviseurs\",\"description\":\"Samen werkt beter!\",\"publisher\":{\"@id\":\"https:\\\/\\\/www.watacc.nl\\\/#organization\"},\"potentialAction\":[{\"@type\":\"SearchAction\",\"target\":{\"@type\":\"EntryPoint\",\"urlTemplate\":\"https:\\\/\\\/www.watacc.nl\\\/?s={search_term_string}\"},\"query-input\":{\"@type\":\"PropertyValueSpecification\",\"valueRequired\":true,\"valueName\":\"search_term_string\"}}],\"inLanguage\":\"es\"},{\"@type\":\"Organization\",\"@id\":\"https:\\\/\\\/www.watacc.nl\\\/#organization\",\"name\":\"Waterland Accountants & Adviseurs\",\"url\":\"https:\\\/\\\/www.watacc.nl\\\/\",\"logo\":{\"@type\":\"ImageObject\",\"inLanguage\":\"es\",\"@id\":\"https:\\\/\\\/www.watacc.nl\\\/#\\\/schema\\\/logo\\\/image\\\/\",\"url\":\"https:\\\/\\\/www.watacc.nl\\\/wp-content\\\/uploads\\\/2024\\\/08\\\/Waterland-accountants-adviseurs-logo-donker.png\",\"contentUrl\":\"https:\\\/\\\/www.watacc.nl\\\/wp-content\\\/uploads\\\/2024\\\/08\\\/Waterland-accountants-adviseurs-logo-donker.png\",\"width\":600,\"height\":180,\"caption\":\"Waterland Accountants & Adviseurs\"},\"image\":{\"@id\":\"https:\\\/\\\/www.watacc.nl\\\/#\\\/schema\\\/logo\\\/image\\\/\"}},{\"@type\":\"Person\",\"@id\":\"https:\\\/\\\/www.watacc.nl\\\/#\\\/schema\\\/person\\\/09b746acdabcb033425c7f7817b1b893\",\"name\":\"Sander van der Kleij\",\"image\":{\"@type\":\"ImageObject\",\"inLanguage\":\"es\",\"@id\":\"https:\\\/\\\/secure.gravatar.com\\\/avatar\\\/1b1bfd8e803b1f33d55a0c8e124ba791fe4066f75ae68028ee92a53a25ca3f30?s=96&d=mm&r=g\",\"url\":\"https:\\\/\\\/secure.gravatar.com\\\/avatar\\\/1b1bfd8e803b1f33d55a0c8e124ba791fe4066f75ae68028ee92a53a25ca3f30?s=96&d=mm&r=g\",\"contentUrl\":\"https:\\\/\\\/secure.gravatar.com\\\/avatar\\\/1b1bfd8e803b1f33d55a0c8e124ba791fe4066f75ae68028ee92a53a25ca3f30?s=96&d=mm&r=g\",\"caption\":\"Sander van der Kleij\"},\"url\":\"https:\\\/\\\/www.watacc.nl\\\/es\\\/author\\\/wp_admin_argila\\\/\"}]}<\/script>\n<!-- \/ Yoast SEO plugin. -->","yoast_head_json":{"title":"Fiscale strategische agenda van het kabinet - Waterland Accountants &amp; Adviseurs","description":"\u00bfCu\u00e1les son las tres prioridades fiscales para esta legislatura?","robots":{"index":"index","follow":"follow","max-snippet":"max-snippet:-1","max-image-preview":"max-image-preview:large","max-video-preview":"max-video-preview:-1"},"canonical":"https:\/\/www.watacc.nl\/es\/fiscale-strategische-agenda-van-het-kabinet\/","og_locale":"es_ES","og_type":"article","og_title":"Fiscale strategische agenda van het kabinet - Waterland Accountants &amp; Adviseurs","og_description":"Wat zijn de drie fiscale prioriteiten voor deze kabinetsperiode?","og_url":"https:\/\/www.watacc.nl\/es\/fiscale-strategische-agenda-van-het-kabinet\/","og_site_name":"Waterland Accountants &amp; Adviseurs","article_published_time":"2024-10-04T07:32:00+00:00","article_modified_time":"2024-10-21T14:56:37+00:00","og_image":[{"width":1200,"height":800,"url":"https:\/\/www.watacc.nl\/wp-content\/uploads\/2024\/10\/fiscale-strategische-agenda-van-het-kabinet.jpg","type":"image\/jpeg"}],"author":"Sander van der Kleij","twitter_card":"summary_large_image","twitter_misc":{"Escrito por":"Sander van der Kleij","Tiempo de lectura":"4 minutos"},"schema":{"@context":"https:\/\/schema.org","@graph":[{"@type":"Article","@id":"https:\/\/www.watacc.nl\/fiscale-strategische-agenda-van-het-kabinet\/#article","isPartOf":{"@id":"https:\/\/www.watacc.nl\/fiscale-strategische-agenda-van-het-kabinet\/"},"author":{"name":"Sander van der Kleij","@id":"https:\/\/www.watacc.nl\/#\/schema\/person\/09b746acdabcb033425c7f7817b1b893"},"headline":"Fiscale strategische agenda van het kabinet","datePublished":"2024-10-04T07:32:00+00:00","dateModified":"2024-10-21T14:56:37+00:00","mainEntityOfPage":{"@id":"https:\/\/www.watacc.nl\/fiscale-strategische-agenda-van-het-kabinet\/"},"wordCount":885,"publisher":{"@id":"https:\/\/www.watacc.nl\/#organization"},"image":{"@id":"https:\/\/www.watacc.nl\/fiscale-strategische-agenda-van-het-kabinet\/#primaryimage"},"thumbnailUrl":"https:\/\/www.watacc.nl\/wp-content\/uploads\/2024\/10\/fiscale-strategische-agenda-van-het-kabinet.jpg","articleSection":["Actueel"],"inLanguage":"es"},{"@type":"WebPage","@id":"https:\/\/www.watacc.nl\/fiscale-strategische-agenda-van-het-kabinet\/","url":"https:\/\/www.watacc.nl\/fiscale-strategische-agenda-van-het-kabinet\/","name":"Fiscale strategische agenda van het kabinet - Waterland Accountants &amp; Adviseurs","isPartOf":{"@id":"https:\/\/www.watacc.nl\/#website"},"primaryImageOfPage":{"@id":"https:\/\/www.watacc.nl\/fiscale-strategische-agenda-van-het-kabinet\/#primaryimage"},"image":{"@id":"https:\/\/www.watacc.nl\/fiscale-strategische-agenda-van-het-kabinet\/#primaryimage"},"thumbnailUrl":"https:\/\/www.watacc.nl\/wp-content\/uploads\/2024\/10\/fiscale-strategische-agenda-van-het-kabinet.jpg","datePublished":"2024-10-04T07:32:00+00:00","dateModified":"2024-10-21T14:56:37+00:00","description":"\u00bfCu\u00e1les son las tres prioridades fiscales para esta legislatura?","breadcrumb":{"@id":"https:\/\/www.watacc.nl\/fiscale-strategische-agenda-van-het-kabinet\/#breadcrumb"},"inLanguage":"es","potentialAction":[{"@type":"ReadAction","target":["https:\/\/www.watacc.nl\/fiscale-strategische-agenda-van-het-kabinet\/"]}]},{"@type":"ImageObject","inLanguage":"es","@id":"https:\/\/www.watacc.nl\/fiscale-strategische-agenda-van-het-kabinet\/#primaryimage","url":"https:\/\/www.watacc.nl\/wp-content\/uploads\/2024\/10\/fiscale-strategische-agenda-van-het-kabinet.jpg","contentUrl":"https:\/\/www.watacc.nl\/wp-content\/uploads\/2024\/10\/fiscale-strategische-agenda-van-het-kabinet.jpg","width":1200,"height":800,"caption":"Fiscale strategische agenda van het kabinet"},{"@type":"BreadcrumbList","@id":"https:\/\/www.watacc.nl\/fiscale-strategische-agenda-van-het-kabinet\/#breadcrumb","itemListElement":[{"@type":"ListItem","position":1,"name":"Home","item":"https:\/\/www.watacc.nl\/"},{"@type":"ListItem","position":2,"name":"Fiscale strategische agenda van het kabinet"}]},{"@type":"WebSite","@id":"https:\/\/www.watacc.nl\/#website","url":"https:\/\/www.watacc.nl\/","name":"Waterland Contables y Asesores","description":"Juntos funciona mejor.","publisher":{"@id":"https:\/\/www.watacc.nl\/#organization"},"potentialAction":[{"@type":"SearchAction","target":{"@type":"EntryPoint","urlTemplate":"https:\/\/www.watacc.nl\/?s={search_term_string}"},"query-input":{"@type":"PropertyValueSpecification","valueRequired":true,"valueName":"search_term_string"}}],"inLanguage":"es"},{"@type":"Organization","@id":"https:\/\/www.watacc.nl\/#organization","name":"Waterland Contables y Asesores","url":"https:\/\/www.watacc.nl\/","logo":{"@type":"ImageObject","inLanguage":"es","@id":"https:\/\/www.watacc.nl\/#\/schema\/logo\/image\/","url":"https:\/\/www.watacc.nl\/wp-content\/uploads\/2024\/08\/Waterland-accountants-adviseurs-logo-donker.png","contentUrl":"https:\/\/www.watacc.nl\/wp-content\/uploads\/2024\/08\/Waterland-accountants-adviseurs-logo-donker.png","width":600,"height":180,"caption":"Waterland Accountants & Adviseurs"},"image":{"@id":"https:\/\/www.watacc.nl\/#\/schema\/logo\/image\/"}},{"@type":"Person","@id":"https:\/\/www.watacc.nl\/#\/schema\/person\/09b746acdabcb033425c7f7817b1b893","name":"Sander van der Kleij","image":{"@type":"ImageObject","inLanguage":"es","@id":"https:\/\/secure.gravatar.com\/avatar\/1b1bfd8e803b1f33d55a0c8e124ba791fe4066f75ae68028ee92a53a25ca3f30?s=96&d=mm&r=g","url":"https:\/\/secure.gravatar.com\/avatar\/1b1bfd8e803b1f33d55a0c8e124ba791fe4066f75ae68028ee92a53a25ca3f30?s=96&d=mm&r=g","contentUrl":"https:\/\/secure.gravatar.com\/avatar\/1b1bfd8e803b1f33d55a0c8e124ba791fe4066f75ae68028ee92a53a25ca3f30?s=96&d=mm&r=g","caption":"Sander van der Kleij"},"url":"https:\/\/www.watacc.nl\/es\/author\/wp_admin_argila\/"}]}},"_links":{"self":[{"href":"https:\/\/www.watacc.nl\/es\/wp-json\/wp\/v2\/posts\/411","targetHints":{"allow":["GET"]}}],"collection":[{"href":"https:\/\/www.watacc.nl\/es\/wp-json\/wp\/v2\/posts"}],"about":[{"href":"https:\/\/www.watacc.nl\/es\/wp-json\/wp\/v2\/types\/post"}],"author":[{"embeddable":true,"href":"https:\/\/www.watacc.nl\/es\/wp-json\/wp\/v2\/users\/2"}],"replies":[{"embeddable":true,"href":"https:\/\/www.watacc.nl\/es\/wp-json\/wp\/v2\/comments?post=411"}],"version-history":[{"count":1,"href":"https:\/\/www.watacc.nl\/es\/wp-json\/wp\/v2\/posts\/411\/revisions"}],"predecessor-version":[{"id":429,"href":"https:\/\/www.watacc.nl\/es\/wp-json\/wp\/v2\/posts\/411\/revisions\/429"}],"wp:featuredmedia":[{"embeddable":true,"href":"https:\/\/www.watacc.nl\/es\/wp-json\/wp\/v2\/media\/412"}],"wp:attachment":[{"href":"https:\/\/www.watacc.nl\/es\/wp-json\/wp\/v2\/media?parent=411"}],"wp:term":[{"taxonomy":"category","embeddable":true,"href":"https:\/\/www.watacc.nl\/es\/wp-json\/wp\/v2\/categories?post=411"},{"taxonomy":"post_tag","embeddable":true,"href":"https:\/\/www.watacc.nl\/es\/wp-json\/wp\/v2\/tags?post=411"}],"curies":[{"name":"wp","href":"https:\/\/api.w.org\/{rel}","templated":true}]}}